{"id":8284,"date":"2018-02-21T18:00:36","date_gmt":"2018-02-21T18:00:36","guid":{"rendered":"http:\/\/archiv.szolnoktv.hu\/?p=8284"},"modified":"2021-08-13T18:56:13","modified_gmt":"2021-08-13T18:56:13","slug":"dr-zupko-gabor-szolnokon","status":"publish","type":"post","link":"http:\/\/archiv.szolnoktv.hu\/?p=8284","title":{"rendered":"Dr. Zupk\u00f3 G\u00e1bor Szolnokon"},"content":{"rendered":"<div class='booster-block booster-read-block'><\/div><p>Alapvet\u0151 inform\u00e1ci\u00f3k az Eur\u00f3pai Uni\u00f3r\u00f3l. Dr. Zupk\u00f3 G\u00e1bor az Eur\u00f3pai Bizotts\u00e1g Magyarorsz\u00e1gi K\u00e9pviselet\u00e9nek vezet\u0151je a Europe Direct megh\u00edv\u00e1s\u00e1ra a Varga Katalin gimn\u00e1zium di\u00e1kjainak tartott el\u0151ad\u00e1st az uni\u00f3r\u00f3l. A sz\u00ednes, inform\u00e1ci\u00f3kban gazdag, interakt\u00edv besz\u00e9lget\u00e9s hasznosnak bizonyult a di\u00e1kok sz\u00e1m\u00e1ra. <br \/> A gazdas\u00e1g mellett a di\u00e1kokat \u00e9rint\u0151 dolgokr\u00f3l is besz\u00e9lt Dr. Zupk\u00f3 G\u00e1bor. <\/p>\n<p> Sz\u0171cs  Dzsenifer : <\/p>\n<p>-&#8220;Rengeteg \u00faj dolgot tudtam meg az uni\u00f3r\u00f3l, a gazdas\u00e1g\u00e1r\u00f3l, a kult\u00far\u00e1j\u00e1r\u00f3l, \u00e9s a ez az \u00e9n lak\u00f3helyemet is nagy r\u00e9szben \u00e9rinti a fejleszt\u00e9sek miatt. &#8211;<\/p>\n<p> Kors\u00f3s Blanka: <\/p>\n<p>-&#8220;Szerintem a koroszt\u00e1lyunk sz\u00e1m\u00e1ra f\u0151leg az Erasmus + program miatt volt \u00e9rdekes ez az el\u0151ad\u00e1s, elv\u00e9re sz\u00e1mos olyan program van az uni\u00f3ban, ami minket is \u00e9rint. Az oktat\u00e1sban -\u00e9s ezt kevesen tudj\u00e1k- is vannak olyan dolgok, amibe belesz\u00f3lhat, de nem minden. &#8211;<\/p>\n<p>Az el\u0151ad\u00e1st k\u00f6vet\u0151en k\u00e9rdezhettek is a tanul\u00f3k Dr. Zupk\u00f3 G\u00e1bort\u00f3l.<br \/>\n<br \/>\n<div style=\"width: 640px;\" class=\"wp-video\"><!--[if lt IE 9]><script>document.createElement('video');<\/script><![endif]-->\n<video class=\"wp-video-shortcode\" id=\"video-8284-1\" width=\"640\" height=\"360\" preload=\"metadata\" controls=\"controls\"><source type=\"video\/mp4\" src=\"\/spots\/hir\/hir_180221_05.mp4?_=1\" \/><a href=\"\/spots\/hir\/hir_180221_05.mp4\">\/spots\/hir\/hir_180221_05.mp4<\/a><\/video><\/div><\/p>\n","protected":false},"excerpt":{"rendered":"<p>Alapvet\u0151 inform\u00e1ci\u00f3k az Eur\u00f3pai Uni\u00f3r\u00f3l. Dr. Zupk\u00f3 G\u00e1bor az Eur\u00f3pai Bizotts\u00e1g Magyarorsz\u00e1gi K\u00e9pviselet\u00e9nek vezet\u0151je a Europe Direct megh\u00edv\u00e1s\u00e1ra a Varga Katalin gimn\u00e1zium di\u00e1kjainak tartott el\u0151ad\u00e1st az uni\u00f3r\u00f3l. A sz\u00ednes, inform\u00e1ci\u00f3kban gazdag, interakt\u00edv besz\u00e9lget\u00e9s hasznosnak bizonyult a di\u00e1kok sz\u00e1m\u00e1ra. A gazdas\u00e1g mellett a di\u00e1kokat \u00e9rint\u0151 dolgokr\u00f3l is besz\u00e9lt Dr. Zupk\u00f3 G\u00e1bor. Sz\u0171cs Dzsenifer : -&#8220;Rengeteg \u00faj [&hellip;]<\/p>\n","protected":false},"author":2,"featured_media":0,"comment_status":"closed","ping_status":"closed","sticky":false,"template":"","format":"standard","meta":[],"categories":[9],"tags":[],"_links":{"self":[{"href":"http:\/\/archiv.szolnoktv.hu\/index.php?rest_route=\/wp\/v2\/posts\/8284"}],"collection":[{"href":"http:\/\/archiv.szolnoktv.hu\/index.php?rest_route=\/wp\/v2\/posts"}],"about":[{"href":"http:\/\/archiv.szolnoktv.hu\/index.php?rest_route=\/wp\/v2\/types\/post"}],"author":[{"embeddable":true,"href":"http:\/\/archiv.szolnoktv.hu\/index.php?rest_route=\/wp\/v2\/users\/2"}],"replies":[{"embeddable":true,"href":"http:\/\/archiv.szolnoktv.hu\/index.php?rest_route=%2Fwp%2Fv2%2Fcomments&post=8284"}],"version-history":[{"count":1,"href":"http:\/\/archiv.szolnoktv.hu\/index.php?rest_route=\/wp\/v2\/posts\/8284\/revisions"}],"predecessor-version":[{"id":8311,"href":"http:\/\/archiv.szolnoktv.hu\/index.php?rest_route=\/wp\/v2\/posts\/8284\/revisions\/8311"}],"wp:attachment":[{"href":"http:\/\/archiv.szolnoktv.hu\/index.php?rest_route=%2Fwp%2Fv2%2Fmedia&parent=8284"}],"wp:term":[{"taxonomy":"category","embeddable":true,"href":"http:\/\/archiv.szolnoktv.hu\/index.php?rest_route=%2Fwp%2Fv2%2Fcategories&post=8284"},{"taxonomy":"post_tag","embeddable":true,"href":"http:\/\/archiv.szolnoktv.hu\/index.php?rest_route=%2Fwp%2Fv2%2Ftags&post=8284"}],"curies":[{"name":"wp","href":"https:\/\/api.w.org\/{rel}","templated":true}]}}