{"id":8283,"date":"2018-02-21T15:55:44","date_gmt":"2018-02-21T15:55:44","guid":{"rendered":"http:\/\/archiv.szolnoktv.hu\/?p=8283"},"modified":"2021-08-13T18:56:13","modified_gmt":"2021-08-13T18:56:13","slug":"matol-fogadjak-az-ugyfeleket-az-ady-endre-uton","status":"publish","type":"post","link":"http:\/\/archiv.szolnoktv.hu\/?p=8283","title":{"rendered":"M\u00e1t\u00f3l fogadj\u00e1k az \u00fcgyfeleket az Ady Endre \u00faton"},"content":{"rendered":"<div class='booster-block booster-read-block'><\/div><p>Szokatlanul nagy a forgalom az \u00faj J\u00e1r\u00e1si Hivatal k\u00f6rny\u00e9k\u00e9n. Az Ady Endre \u00fati \u00e9p\u00fcletben m\u00e1t\u00f3l fogadj\u00e1k az \u00fcgyfeleket. V\u00e9get \u00e9rt ugyanis a megyei korm\u00e1nyhivatal eddigi legnagyobb fejleszt\u00e9se.<\/p>\n<p> Dr. Boz\u00f3 Andrea hivatalvezet\u0151, Szolnoki J\u00e1r\u00e1si Hivatal: <\/p>\n<p>-&#8220;183 f\u0151 dolgozik jelenleg az Ady Endre \u00fat 9 sz\u00e1m alatti J\u00e1r\u00e1si Hivatal \u00e9p\u00fclet\u00e9ben. Ide k\u00f6lt\u00f6z\u00f6tt a foglalkoztat\u00e1si oszt\u00e1ly a Szabads\u00e1g t\u00e9rr\u0151l, az \u00e9p\u00edt\u00e9s\u00fcgy, a hat\u00f3s\u00e1g \u00e9s a  gy\u00e1m\u00fcgy a Kossuth t\u00e9rr\u0151l a volt N\u00e9plap sz\u00e9kh\u00e1z \u00e9p\u00fclet\u00e9b\u0151l , ide k\u00f6lt\u00f6z\u00f6tt a Miksz\u00e1th K\u00e1lm\u00e1n \u00fatr\u00f3l az eg\u00e9szs\u00e9gbiztos\u00edt\u00e1si p\u00e9nzt\u00e1r \u00e9s megny\u00edlt a harmadik korm\u00e1nyablak a v\u00e1rosban. &#8211;<\/p>\n<p>A  h\u00e1rom m\u0171k\u00f6d\u0151 korm\u00e1nyablakkal 5 percre lecs\u00f6kkenhet a v\u00e1rakoz\u00e1si id\u0151-hangs\u00falyozta a hivatalvezet\u0151. A megyei eg\u00e9szs\u00e9gbiztos\u00edt\u00e1si f\u0151oszt\u00e1ly ott maradt a Miksz\u00e1th K\u00e1lm\u00e1n \u00faton, az Ady Endre \u00fatra a j\u00e1r\u00e1shoz tartoz\u00f3 els\u0151 fok\u00fa hat\u00f3s\u00e1gi \u00fcgyek ker\u00fcltek \u00e1t. A vil\u00e1gos, t\u00e1gas terekben kialak\u00edtott \u00fcgyf\u00e9lszolg\u00e1latok akad\u00e1lymentesen k\u00f6zel\u00edthet\u0151k meg. <\/p>\n<p>Szalay Ferenc polg\u00e1rmester, Szolnok : <\/p>\n<p>-&#8220;Ennek  az \u00e9p\u00fcletnek  egy j\u00f3 egy milli\u00e1rd forintos fel\u00faj\u00edt\u00e1s\u00e1n vagyunk t\u00fal , ugyanabban az arculatban, mint annak idej\u00e9n.  Nagyon sz\u00e9pre sikeredett, k\u00f6sz\u00f6net a kivitelez\u0151nek. Fontos dolog, hogy a tornaterem tov\u00e1bbra is ezt a c\u00e9lt fogja szolg\u00e1lni : a Fiumei \u00e9s a Varga Katalin Gimn\u00e1zium gyerekei j\u00e1rhatnak majd ide. &#8211;<\/p>\n<p>A t\u00e1gas  tornaterem is meg\u00fajulva, megsz\u00e9p\u00fclve, kos\u00e1rlabdapal\u00e1nkkal, bord\u00e1sfalakkal, \u00f6lt\u00f6z\u0151kkel, zuhanyz\u00f3kkal v\u00e1rja a sportol\u00f3kat \u00e9s a di\u00e1kokat. Az 1 milli\u00e1rd 50 milli\u00f3 forintos beruh\u00e1z\u00e1ssal a megye legnagyobb, sorban a 14. korm\u00e1nyablaka is kinyitott ma az \u00fcgyfelek el\u0151tt. <\/p>\n<p>Dr. K\u00e1llai M\u00e1ria megyei korm\u00e1nymegb\u00edzott : <\/p>\n<p>-&#8220;Ehhez t\u00e1rsult egy 380 milli\u00f3 forintos energiahat\u00e9konys\u00e1gi p\u00e1ly\u00e1zati forr\u00e1s. Ez a k\u00e9t \u00f6sszeg tettet lehet\u0151v\u00e9, hogy itt val\u00f3ban az energiahat\u00e9konys\u00e1gt\u00f3l a b\u00fatorig mindennel teljesen el tudtunk k\u00e9sz\u00fclni. Itt szeretn\u00e9m megk\u00f6sz\u00f6nni a v\u00e1ros seg\u00edts\u00e9g\u00e9t, hogy mindent megtett az\u00e9rt, hogy az \u00e1talakult k\u00f6zigazgat\u00e1si strukt\u00far\u00e1ban mindenkinek legyen helye. &#8211;<\/p>\n<p>A munkat\u00e1rsak m\u00e9lt\u00f3 helyen dolgoznak tov\u00e1bb \u00e9s az \u00fcgyfeleket is t\u00e1gas, modern terek \u00e9s gyors \u00fcgyint\u00e9z\u00e9s v\u00e1rja. Az \u00e9p\u00fclet piac fel\u0151l megk\u00f6zel\u00edthet\u0151 parkol\u00f3j\u00e1ban este 7 \u00f3r\u00e1ig ingyenesen parkolhatnak az ide \u00e9rkez\u0151k. A pr\u00f3ba\u00fczem teh\u00e1t \u00e9lesben is elkezd\u0151d\u00f6tt. A  j\u00e1r\u00e1si hivatal \u00fcnnep\u00e9lyes \u00e1tad\u00e1s\u00e1t j\u00f6v\u0151 kedden rendezik meg.<br \/>\n<br \/>\n<div style=\"width: 640px;\" class=\"wp-video\"><!--[if lt IE 9]><script>document.createElement('video');<\/script><![endif]-->\n<video class=\"wp-video-shortcode\" id=\"video-8283-1\" width=\"640\" height=\"360\" preload=\"metadata\" controls=\"controls\"><source type=\"video\/mp4\" src=\"\/spots\/hir\/hir_180221_04.mp4?_=1\" \/><a href=\"\/spots\/hir\/hir_180221_04.mp4\">\/spots\/hir\/hir_180221_04.mp4<\/a><\/video><\/div><\/p>\n","protected":false},"excerpt":{"rendered":"<p>Szokatlanul nagy a forgalom az \u00faj J\u00e1r\u00e1si Hivatal k\u00f6rny\u00e9k\u00e9n. Az Ady Endre \u00fati \u00e9p\u00fcletben m\u00e1t\u00f3l fogadj\u00e1k az \u00fcgyfeleket. V\u00e9get \u00e9rt ugyanis a megyei korm\u00e1nyhivatal eddigi legnagyobb fejleszt\u00e9se. Dr. Boz\u00f3 Andrea hivatalvezet\u0151, Szolnoki J\u00e1r\u00e1si Hivatal: -&#8220;183 f\u0151 dolgozik jelenleg az Ady Endre \u00fat 9 sz\u00e1m alatti J\u00e1r\u00e1si Hivatal \u00e9p\u00fclet\u00e9ben. Ide k\u00f6lt\u00f6z\u00f6tt a foglalkoztat\u00e1si oszt\u00e1ly a Szabads\u00e1g [&hellip;]<\/p>\n","protected":false},"author":2,"featured_media":0,"comment_status":"closed","ping_status":"closed","sticky":false,"template":"","format":"standard","meta":[],"categories":[9],"tags":[],"_links":{"self":[{"href":"http:\/\/archiv.szolnoktv.hu\/index.php?rest_route=\/wp\/v2\/posts\/8283"}],"collection":[{"href":"http:\/\/archiv.szolnoktv.hu\/index.php?rest_route=\/wp\/v2\/posts"}],"about":[{"href":"http:\/\/archiv.szolnoktv.hu\/index.php?rest_route=\/wp\/v2\/types\/post"}],"author":[{"embeddable":true,"href":"http:\/\/archiv.szolnoktv.hu\/index.php?rest_route=\/wp\/v2\/users\/2"}],"replies":[{"embeddable":true,"href":"http:\/\/archiv.szolnoktv.hu\/index.php?rest_route=%2Fwp%2Fv2%2Fcomments&post=8283"}],"version-history":[{"count":1,"href":"http:\/\/archiv.szolnoktv.hu\/index.php?rest_route=\/wp\/v2\/posts\/8283\/revisions"}],"predecessor-version":[{"id":8312,"href":"http:\/\/archiv.szolnoktv.hu\/index.php?rest_route=\/wp\/v2\/posts\/8283\/revisions\/8312"}],"wp:attachment":[{"href":"http:\/\/archiv.szolnoktv.hu\/index.php?rest_route=%2Fwp%2Fv2%2Fmedia&parent=8283"}],"wp:term":[{"taxonomy":"category","embeddable":true,"href":"http:\/\/archiv.szolnoktv.hu\/index.php?rest_route=%2Fwp%2Fv2%2Fcategories&post=8283"},{"taxonomy":"post_tag","embeddable":true,"href":"http:\/\/archiv.szolnoktv.hu\/index.php?rest_route=%2Fwp%2Fv2%2Ftags&post=8283"}],"curies":[{"name":"wp","href":"https:\/\/api.w.org\/{rel}","templated":true}]}}