{"id":8282,"date":"2018-02-20T17:31:39","date_gmt":"2018-02-20T17:31:39","guid":{"rendered":"http:\/\/archiv.szolnoktv.hu\/?p=8282"},"modified":"2021-08-13T18:56:13","modified_gmt":"2021-08-13T18:56:13","slug":"500-ezer-forint-a-fiataloknak","status":"publish","type":"post","link":"http:\/\/archiv.szolnoktv.hu\/?p=8282","title":{"rendered":"500 ezer forint a fiataloknak<br>"},"content":{"rendered":"<div class='booster-block booster-read-block'><\/div><p>T\u00f6bb, a Szolnok Hazav\u00e1r Programmal kapcsolatos m\u00f3dos\u00edt\u00e1st is tartalmaz az az el\u0151terjeszt\u00e9s, amelyet mai \u00fcl\u00e9s\u00e9n v\u00e9lem\u00e9nyezett az oktat\u00e1si, kultur\u00e1lis \u00e9s ifj\u00fas\u00e1gi bizotts\u00e1g. A tervek szerint az els\u0151 lak\u00e1shoz jut\u00f3 fiatalok, az \u00f6nkorm\u00e1nyzatn\u00e1l k\u00e9relmezhetik az elj\u00e1r\u00e1s illet\u00e9kmentess\u00e9g\u00e9t. Az el\u0151terjeszt\u00e9s emellett m\u00e1s, szint\u00e9n a fiatalok lak\u00e1shoz jut\u00e1s\u00e1t \u00e9rint\u0151 pozit\u00edv v\u00e1ltoz\u00e1sokat is tartalmaz. <\/p>\n<p>Falusi Vajk eln\u00f6k kiemelte: -Azok a fiatalok, akik a Szolnok Hazav\u00e1r Programban r\u00e9szt vesznek \u00e9s megfelelnek k\u00fcl\u00f6nb\u00f6z\u0151 felt\u00e9teleknek, amelyeket a hazav\u00e1r program r\u00f6gz\u00edt, ezek a fiatalok 500 ezer forint \u00e9rt\u00e9k\u0171 t\u00e1mogat\u00e1st fognak kapni az \u00f6nkorm\u00e1nyzatt\u00f3l az els\u0151 lak\u00e1shoz jut\u00e1shoz.&#8221; <\/p>\n<p>A program c\u00e9lja, hogy azokat a fiatalokat sz\u00f3l\u00edtsa meg els\u0151sorban, \u00e9s egy \u00f6szt\u00f6nz\u0151 rendszer seg\u00edts\u00e9ggel visszah\u00edvja Szolnokra, akik a f\u0151v\u00e1rosban, vagy m\u00e1s nagyv\u00e1rosokban szereznek diplom\u00e1t, vagy fels\u0151fok\u00fa k\u00e9pes\u00edt\u00e9st.  &#8211;   tette hozz\u00e1 Falusi Vajk. Az eln\u00f6k emellett kit\u00e9rt a v\u00e1ros k\u00f6zm\u0171vel\u0151d\u00e9si rendelet\u00e9nek megalkot\u00e1s\u00e1ra, amely c\u00e9lja, hogy a helyi \u00e9s a korm\u00e1nyzati kultur\u00e1lis t\u00f6rekv\u00e9seket \u00f6sszefogva, \u00e9s a civil szervezetekkel egy\u00fcttm\u0171k\u00f6dve megjelen\u00edts\u00e9k a v\u00e1ros \u00e9let\u00e9ben. <\/p>\n<p>-Szolnokon m\u0171k\u00f6dik civil tan\u00e1cs, m\u0171k\u00f6dik kultur\u00e1lis koll\u00e9gium, \u00e9n azt hiszem, hogy mi ezzel a munk\u00e1val el\u0151re szaladtunk  &#8211;  ha fogalmazhatok \u00edgy- hiszen r\u00e9g\u00f3ta dolgozunk egy\u00fctt ezekkel a civil szervezetekkel. Most gyakorlatilag a mi m\u0171k\u00f6d\u00e9s\u00fcnkben, a mi munk\u00e1nkban ez nem fog \u00fajdons\u00e1got eredm\u00e9nyezni.&#8221;  &#8211;   mondta az eln\u00f6k<\/p>\n<p>Falusi Vajk hangs\u00falyozta: a mostani m\u00f3dos\u00edt\u00e1s a helyi rendeletek \u00e9s jogszab\u00e1lyok passzusait b\u0151v\u00edti tov\u00e1bb a t\u00f6rv\u00e9nyeknek val\u00f3 megfelel\u00e9s jegy\u00e9ben.<\/p>\n<div style=\"width: 640px;\" class=\"wp-video\"><!--[if lt IE 9]><script>document.createElement('video');<\/script><![endif]-->\n<video class=\"wp-video-shortcode\" id=\"video-8282-1\" width=\"640\" height=\"360\" preload=\"metadata\" controls=\"controls\"><source type=\"video\/mp4\" src=\"\/spots\/hir\/hir_180220_07.mp4?_=1\" \/><a href=\"\/spots\/hir\/hir_180220_07.mp4\">\/spots\/hir\/hir_180220_07.mp4<\/a><\/video><\/div>\n","protected":false},"excerpt":{"rendered":"<p>T\u00f6bb, a Szolnok Hazav\u00e1r Programmal kapcsolatos m\u00f3dos\u00edt\u00e1st is tartalmaz az az el\u0151terjeszt\u00e9s, amelyet mai \u00fcl\u00e9s\u00e9n v\u00e9lem\u00e9nyezett az oktat\u00e1si, kultur\u00e1lis \u00e9s ifj\u00fas\u00e1gi bizotts\u00e1g. A tervek szerint az els\u0151 lak\u00e1shoz jut\u00f3 fiatalok, az \u00f6nkorm\u00e1nyzatn\u00e1l k\u00e9relmezhetik az elj\u00e1r\u00e1s illet\u00e9kmentess\u00e9g\u00e9t. Az el\u0151terjeszt\u00e9s emellett m\u00e1s, szint\u00e9n a fiatalok lak\u00e1shoz jut\u00e1s\u00e1t \u00e9rint\u0151 pozit\u00edv v\u00e1ltoz\u00e1sokat is tartalmaz. Falusi Vajk eln\u00f6k kiemelte: -Azok [&hellip;]<\/p>\n","protected":false},"author":2,"featured_media":0,"comment_status":"closed","ping_status":"closed","sticky":false,"template":"","format":"standard","meta":[],"categories":[9],"tags":[],"_links":{"self":[{"href":"http:\/\/archiv.szolnoktv.hu\/index.php?rest_route=\/wp\/v2\/posts\/8282"}],"collection":[{"href":"http:\/\/archiv.szolnoktv.hu\/index.php?rest_route=\/wp\/v2\/posts"}],"about":[{"href":"http:\/\/archiv.szolnoktv.hu\/index.php?rest_route=\/wp\/v2\/types\/post"}],"author":[{"embeddable":true,"href":"http:\/\/archiv.szolnoktv.hu\/index.php?rest_route=\/wp\/v2\/users\/2"}],"replies":[{"embeddable":true,"href":"http:\/\/archiv.szolnoktv.hu\/index.php?rest_route=%2Fwp%2Fv2%2Fcomments&post=8282"}],"version-history":[{"count":1,"href":"http:\/\/archiv.szolnoktv.hu\/index.php?rest_route=\/wp\/v2\/posts\/8282\/revisions"}],"predecessor-version":[{"id":8313,"href":"http:\/\/archiv.szolnoktv.hu\/index.php?rest_route=\/wp\/v2\/posts\/8282\/revisions\/8313"}],"wp:attachment":[{"href":"http:\/\/archiv.szolnoktv.hu\/index.php?rest_route=%2Fwp%2Fv2%2Fmedia&parent=8282"}],"wp:term":[{"taxonomy":"category","embeddable":true,"href":"http:\/\/archiv.szolnoktv.hu\/index.php?rest_route=%2Fwp%2Fv2%2Fcategories&post=8282"},{"taxonomy":"post_tag","embeddable":true,"href":"http:\/\/archiv.szolnoktv.hu\/index.php?rest_route=%2Fwp%2Fv2%2Ftags&post=8282"}],"curies":[{"name":"wp","href":"https:\/\/api.w.org\/{rel}","templated":true}]}}