{"id":8281,"date":"2018-02-20T17:26:28","date_gmt":"2018-02-20T17:26:28","guid":{"rendered":"http:\/\/archiv.szolnoktv.hu\/?p=8281"},"modified":"2021-08-13T18:56:14","modified_gmt":"2021-08-13T18:56:14","slug":"adamok-es-evak-unnepe-2","status":"publish","type":"post","link":"http:\/\/archiv.szolnoktv.hu\/?p=8281","title":{"rendered":"\u00c1d\u00e1mok \u00e9s \u00c9v\u00e1k \u00fcnnepe"},"content":{"rendered":"<div class='booster-block booster-read-block'><\/div><p>Id\u00e9n 9. alkalommal hirdett\u00e9k meg k\u00f6z\u00e9piskol\u00e1sok sz\u00e1m\u00e1ra az \u00c1d\u00e1mok \u00e9s \u00c9v\u00e1k \u00fcnnep\u00e9t. A szolnoki Szigligeti Sz\u00ednh\u00e1z direktora Bal\u00e1zs P\u00e9ter \u00e9s Kiss J\u00f3zsef m\u0171v\u00e9szeti vezet\u0151 \u00f6tlete nyom\u00e1n a fiatalok k\u00f6zelebb ker\u00fclhetnek a sz\u00ednh\u00e1zhoz \u00e9s a magyar dr\u00e1mairodalomhoz. A program siker\u00e9t jelzi, hogy m\u00e1r a budapesti Nemzeti Sz\u00ednh\u00e1z is \u00e9vek \u00f3ta megrendezi az \u00fcnneps\u00e9get.<\/p>\n<p>,,Ez egy nagyon j\u00f3 dolog, mert az ifj\u00fas\u00e1got mozgatja, \u00e9rdekli. Egy \u00e9letre sz\u00f3l\u00f3 \u00e9lm\u00e9ny. A sz\u00ednh\u00e1znak fontos, mert megismerik fiatalokat, hogy kikb\u0151l lesz esetleg sz\u00edn\u00e9sz. Az m\u00e1r ilyenkor l\u00e1tszik \u00e9s a j\u00f6v\u0151 k\u00f6z\u00f6ns\u00e9g\u00e9t nevelj\u00fck.&#8221; &#8211; mondta Kiss J\u00f3zsef, a Szigligeti Sz\u00ednh\u00e1z m\u0171v\u00e9szeti vezet\u0151je.<\/p>\n<p>Az els\u0151 \u00c1d\u00e1mok \u00e9s \u00c9v\u00e1k \u00fcnnep\u00e9n az Ember trag\u00e9di\u00e1ja sz\u00edneit dolgozt\u00e1k fel, de j\u00e1tszott\u00e1k m\u00e1r a di\u00e1kok Arany J\u00e1nos ballad\u00e1it, bibliai t\u00f6rt\u00e9neteket, magyar reg\u00e9ket \u00e9s mond\u00e1kat, valamint Shakespeare m\u0171veket is. <\/p>\n<p>Id\u00e9n a pedag\u00f3gusok \u00e9s a gyerekek a magyar \u00edr\u00f3k m\u0171veit vitt\u00e9k a sz\u00ednpadra. <\/p>\n<p>Mi ink\u00e1bb egy egyszer\u0171 darabot pr\u00f3b\u00e1ltunk el\u0151adni. Kevesebb kell\u00e9k kell hozz\u00e1. Viszont igyekezt\u00fck megfogni, hogy humoros legyen, ugye Karinthynak egy boh\u00f3zat\u00e1t adjuk el\u0151. &#8211; felelte Balogh Benedek, Tiszaparti R\u00f3mai Katolikus \u00c1ltal\u00e1nos Iskola \u00e9s Gimn\u00e1zium di\u00e1kja.<\/p>\n<p>,,Igaz\u00e1b\u00f3l t\u00f6bb novell\u00e1t gy\u0171rt\u00fcnk \u00f6ssze. Konkr\u00e9tan egy c\u00edmet adtunk neki, d nem kategoriz\u00e1ltuk be magunkat egyetlen egy novell\u00e1ra, hanem ami mindenkiinek tetszett. Abb\u00f3l h\u00e1rmat \u00f6ssze\u00edrt a Tan\u00e1rn\u0151 \u00e9s abb\u00f3l vitt\u00fcnk egy jelenetet a sz\u00ednpadra.&#8221; &#8211; mes\u00e9lte Mezei Annam\u00e1ria, a Szolnoki Sz\u00e9chenyi Istv\u00e1n Gimn\u00e1zium di\u00e1kja.<\/p>\n<p>Id\u0151t \u00e9s energi\u00e1t nem k\u00edm\u00e9lve k\u00e9sz\u00fcltek az el\u0151ad\u00e1sokra a csoportok.<\/p>\n<p>,,A mi neh\u00e9zs\u00e9geink legink\u00e1bb abb\u00f3l ad\u00f3dnak, hogy a szerepl\u0151ink nagyon sok mindent szeretnek bev\u00e1llalni, rengetek dologban szerepelnek \u00e9s a pr\u00f3b\u00e1k id\u0151pontj\u00e1nak \u00f6sszeegyeztet\u00e9se volt tal\u00e1n a legnehezebb. Egy\u00e9bk\u00e9nt maga a j\u00e1t\u00e9k sz\u00e1munkra \u00f6r\u00f6m.&#8221; &#8211; felelte Bartha Ildik\u00f3, dr\u00e1mapedag\u00f3gus.<\/p>\n<p>A febru\u00e1r 20-i premierre a di\u00e1kok m\u00e1r h\u00f3napok \u00f3ta k\u00e9sz\u00fclnek.<br \/> A k\u00e9tnapos \u00fcnneps\u00e9gen bemutathatj\u00e1k tehets\u00e9g\u00fcket. Az el\u0151ad\u00e1sok d\u00edjtalanul megtekintet\u0151k.<br \/>\n<br \/>\n<div style=\"width: 640px;\" class=\"wp-video\"><!--[if lt IE 9]><script>document.createElement('video');<\/script><![endif]-->\n<video class=\"wp-video-shortcode\" id=\"video-8281-1\" width=\"640\" height=\"360\" preload=\"metadata\" controls=\"controls\"><source type=\"video\/mp4\" src=\"\/spots\/hir\/hir_180220_06.mp4?_=1\" \/><a href=\"\/spots\/hir\/hir_180220_06.mp4\">\/spots\/hir\/hir_180220_06.mp4<\/a><\/video><\/div><\/p>\n","protected":false},"excerpt":{"rendered":"<p>Id\u00e9n 9. alkalommal hirdett\u00e9k meg k\u00f6z\u00e9piskol\u00e1sok sz\u00e1m\u00e1ra az \u00c1d\u00e1mok \u00e9s \u00c9v\u00e1k \u00fcnnep\u00e9t. A szolnoki Szigligeti Sz\u00ednh\u00e1z direktora Bal\u00e1zs P\u00e9ter \u00e9s Kiss J\u00f3zsef m\u0171v\u00e9szeti vezet\u0151 \u00f6tlete nyom\u00e1n a fiatalok k\u00f6zelebb ker\u00fclhetnek a sz\u00ednh\u00e1zhoz \u00e9s a magyar dr\u00e1mairodalomhoz. A program siker\u00e9t jelzi, hogy m\u00e1r a budapesti Nemzeti Sz\u00ednh\u00e1z is \u00e9vek \u00f3ta megrendezi az \u00fcnneps\u00e9get. ,,Ez egy nagyon [&hellip;]<\/p>\n","protected":false},"author":2,"featured_media":0,"comment_status":"closed","ping_status":"closed","sticky":false,"template":"","format":"standard","meta":[],"categories":[9],"tags":[],"_links":{"self":[{"href":"http:\/\/archiv.szolnoktv.hu\/index.php?rest_route=\/wp\/v2\/posts\/8281"}],"collection":[{"href":"http:\/\/archiv.szolnoktv.hu\/index.php?rest_route=\/wp\/v2\/posts"}],"about":[{"href":"http:\/\/archiv.szolnoktv.hu\/index.php?rest_route=\/wp\/v2\/types\/post"}],"author":[{"embeddable":true,"href":"http:\/\/archiv.szolnoktv.hu\/index.php?rest_route=\/wp\/v2\/users\/2"}],"replies":[{"embeddable":true,"href":"http:\/\/archiv.szolnoktv.hu\/index.php?rest_route=%2Fwp%2Fv2%2Fcomments&post=8281"}],"version-history":[{"count":1,"href":"http:\/\/archiv.szolnoktv.hu\/index.php?rest_route=\/wp\/v2\/posts\/8281\/revisions"}],"predecessor-version":[{"id":8314,"href":"http:\/\/archiv.szolnoktv.hu\/index.php?rest_route=\/wp\/v2\/posts\/8281\/revisions\/8314"}],"wp:attachment":[{"href":"http:\/\/archiv.szolnoktv.hu\/index.php?rest_route=%2Fwp%2Fv2%2Fmedia&parent=8281"}],"wp:term":[{"taxonomy":"category","embeddable":true,"href":"http:\/\/archiv.szolnoktv.hu\/index.php?rest_route=%2Fwp%2Fv2%2Fcategories&post=8281"},{"taxonomy":"post_tag","embeddable":true,"href":"http:\/\/archiv.szolnoktv.hu\/index.php?rest_route=%2Fwp%2Fv2%2Ftags&post=8281"}],"curies":[{"name":"wp","href":"https:\/\/api.w.org\/{rel}","templated":true}]}}