{"id":8280,"date":"2018-02-20T17:01:21","date_gmt":"2018-02-20T17:01:21","guid":{"rendered":"http:\/\/archiv.szolnoktv.hu\/?p=8280"},"modified":"2021-08-13T18:56:14","modified_gmt":"2021-08-13T18:56:14","slug":"valasztasi-bizottsag-2","status":"publish","type":"post","link":"http:\/\/archiv.szolnoktv.hu\/?p=8280","title":{"rendered":"V\u00e1laszt\u00e1si bizotts\u00e1g<br>"},"content":{"rendered":"<div class='booster-block booster-read-block'><\/div><p>Egy nappal az aj\u00e1nl\u00e1sok gy\u0171jt\u00e9s\u00e9nek megkezd\u00e9se ut\u00e1n egy jel\u00f6ltet m\u00e1r nyilv\u00e1ntart\u00e1sba is vett J\u00e1sz-Nagykun-Szolnok Megye 1-es sz\u00e1m\u00fa Orsz\u00e1ggy\u0171l\u00e9si Egy\u00e9ni V\u00e1laszt\u00f3ker\u00fclet\u00e9nek V\u00e1laszt\u00e1si Bizotts\u00e1ga.<br \/>Tegnap reggel nyolc \u00f3r\u00e1t\u00f3l lehetett \u00e1tvenni azokat az \u00edveket, amin a jel\u00f6ltek \u00e9s a jel\u00f6l\u0151szervezetek megkezdhett\u00e9k az aj\u00e1nl\u00e1sok gy\u0171jt\u00e9s\u00e9t.  A Fidesz-KDNP jel\u00f6ltje, Dr. K\u00e1llai M\u00e1ria 400 \u00edvet ig\u00e9nyelt h\u00e9tf\u0151n \u00e9s ma reggel mindet a k\u00f6vetelm\u00e9nyeknek megfelel\u0151en kit\u00f6ltve leadta. A t\u00f6rv\u00e9ny \u00e9rtelm\u00e9ben minimum 500 \u00e9rv\u00e9nyes aj\u00e1nl\u00e1s kell ahhoz, hogy valaki jel\u00f6lt lehessen.<\/p>\n<p>-A v\u00e1laszt\u00e1si iroda halad\u00e9ktalanul megkezdte az aj\u00e1nl\u00f3\u00edveken szerepl\u0151 aj\u00e1nl\u00e1soknak az ellen\u0151rz\u00e9s\u00e9t. A jogszab\u00e1ly azt mondja, hogy 500 darab \u00e9rv\u00e9nyes aj\u00e1nl\u00e1s sz\u00fcks\u00e9ges ahhoz, hogy valaki nyilv\u00e1ntart\u00e1sba v\u00e9telre ker\u00fclj\u00f6n egy adott v\u00e1laszt\u00f3ker\u00fcletben. Az ellen\u0151rz\u00e9s eredm\u00e9nye az volt, hogy Dr. K\u00e1llai M\u00e1ria jelentkezik 500 \u00e9rv\u00e9nyes aj\u00e1nl\u00e1ssal.&#8221;  &#8211;   mondta Dr. R\u00e1cz Andrea aljegyz\u0151.<\/p>\n<p>Ennek \u00e9rtelm\u00e9ben a v\u00e1laszt\u00e1si bizotts\u00e1g hivatalosan is felvette a jel\u00f6ltlist\u00e1ra Dr. K\u00e1llai M\u00e1ri\u00e1t. Az aj\u00e1nl\u00e1sokat a helyi v\u00e1laszt\u00e1si iroda ellen\u0151rzi, erre legfeljebb h\u00e1rom nap \u00e1ll rendelkez\u00e9sre. Ezt k\u00f6vet\u0151en, ha a bizotts\u00e1g is mindent rendben tal\u00e1l hivatalosan is megt\u00f6rt\u00e9nik a jel\u00f6ltt\u00e9 nyilv\u00e1n\u00edt\u00e1s. Ma 15 \u00f3r\u00e1ig egy\u00e9bk\u00e9nt \u00f6sszesen 40 jel\u00f6l\u0151szervezet illetve jel\u00f6lt ig\u00e9nyelt aj\u00e1nl\u00f3\u00edvet.<br \/>\n<br \/>\n<div style=\"width: 640px;\" class=\"wp-video\"><!--[if lt IE 9]><script>document.createElement('video');<\/script><![endif]-->\n<video class=\"wp-video-shortcode\" id=\"video-8280-1\" width=\"640\" height=\"360\" preload=\"metadata\" controls=\"controls\"><source type=\"video\/mp4\" src=\"\/spots\/hir\/hir_180220_05.mp4?_=1\" \/><a href=\"\/spots\/hir\/hir_180220_05.mp4\">\/spots\/hir\/hir_180220_05.mp4<\/a><\/video><\/div><\/p>\n","protected":false},"excerpt":{"rendered":"<p>Egy nappal az aj\u00e1nl\u00e1sok gy\u0171jt\u00e9s\u00e9nek megkezd\u00e9se ut\u00e1n egy jel\u00f6ltet m\u00e1r nyilv\u00e1ntart\u00e1sba is vett J\u00e1sz-Nagykun-Szolnok Megye 1-es sz\u00e1m\u00fa Orsz\u00e1ggy\u0171l\u00e9si Egy\u00e9ni V\u00e1laszt\u00f3ker\u00fclet\u00e9nek V\u00e1laszt\u00e1si Bizotts\u00e1ga.Tegnap reggel nyolc \u00f3r\u00e1t\u00f3l lehetett \u00e1tvenni azokat az \u00edveket, amin a jel\u00f6ltek \u00e9s a jel\u00f6l\u0151szervezetek megkezdhett\u00e9k az aj\u00e1nl\u00e1sok gy\u0171jt\u00e9s\u00e9t. A Fidesz-KDNP jel\u00f6ltje, Dr. K\u00e1llai M\u00e1ria 400 \u00edvet ig\u00e9nyelt h\u00e9tf\u0151n \u00e9s ma reggel mindet a [&hellip;]<\/p>\n","protected":false},"author":2,"featured_media":0,"comment_status":"closed","ping_status":"closed","sticky":false,"template":"","format":"standard","meta":[],"categories":[9],"tags":[],"_links":{"self":[{"href":"http:\/\/archiv.szolnoktv.hu\/index.php?rest_route=\/wp\/v2\/posts\/8280"}],"collection":[{"href":"http:\/\/archiv.szolnoktv.hu\/index.php?rest_route=\/wp\/v2\/posts"}],"about":[{"href":"http:\/\/archiv.szolnoktv.hu\/index.php?rest_route=\/wp\/v2\/types\/post"}],"author":[{"embeddable":true,"href":"http:\/\/archiv.szolnoktv.hu\/index.php?rest_route=\/wp\/v2\/users\/2"}],"replies":[{"embeddable":true,"href":"http:\/\/archiv.szolnoktv.hu\/index.php?rest_route=%2Fwp%2Fv2%2Fcomments&post=8280"}],"version-history":[{"count":1,"href":"http:\/\/archiv.szolnoktv.hu\/index.php?rest_route=\/wp\/v2\/posts\/8280\/revisions"}],"predecessor-version":[{"id":8315,"href":"http:\/\/archiv.szolnoktv.hu\/index.php?rest_route=\/wp\/v2\/posts\/8280\/revisions\/8315"}],"wp:attachment":[{"href":"http:\/\/archiv.szolnoktv.hu\/index.php?rest_route=%2Fwp%2Fv2%2Fmedia&parent=8280"}],"wp:term":[{"taxonomy":"category","embeddable":true,"href":"http:\/\/archiv.szolnoktv.hu\/index.php?rest_route=%2Fwp%2Fv2%2Fcategories&post=8280"},{"taxonomy":"post_tag","embeddable":true,"href":"http:\/\/archiv.szolnoktv.hu\/index.php?rest_route=%2Fwp%2Fv2%2Ftags&post=8280"}],"curies":[{"name":"wp","href":"https:\/\/api.w.org\/{rel}","templated":true}]}}