{"id":8278,"date":"2018-02-20T14:59:55","date_gmt":"2018-02-20T14:59:55","guid":{"rendered":"http:\/\/archiv.szolnoktv.hu\/?p=8278"},"modified":"2021-08-13T18:56:14","modified_gmt":"2021-08-13T18:56:14","slug":"elindult-a-lelekmozgato-program","status":"publish","type":"post","link":"http:\/\/archiv.szolnoktv.hu\/?p=8278","title":{"rendered":"Elindult a L\u00e9lekmozgat\u00f3 program <br>"},"content":{"rendered":"<div class='booster-block booster-read-block'><\/div><p>Rendhagy\u00f3 idegenvezet\u00e9sben volt r\u00e9sze annak a 23 tanul\u00f3nak, aki a Liget \u00dati Iskol\u00e1ba l\u00e1togatott. A Kassais di\u00e1kok megn\u00e9zhett\u00e9k az int\u00e9zm\u00e9nybe j\u00e1r\u00f3 gyerekek mindennapjait \u00e9s tan\u00f3r\u00e1it.<\/p>\n<p>-Kicsit az\u00e9rt fura volt, de a sz\u00edvemet is egy kicsit megmelengette, ahogy itt fogyat\u00e9kos gyerekek \u00e9lnek. De \u00fagy gondolom, hogy ugyanolyanok, mint mi \u00e9s lehet vel\u00fck j\u00e1tszani, kedvesek \u00e9s aranyosak.&#8221;- mondta Koh\u00e1ri Krist\u00f3f.<\/p>\n<p>A l\u00e1togat\u00e1s a Magyar ParaSport Napja alkalm\u00e1b\u00f3l szervezett L\u00e9lekmozgat\u00f3 projekt els\u0151 \u00e1llom\u00e1sa, ahol a tanul\u00f3k kerekessz\u00e9kes feladatokban is kipr\u00f3b\u00e1lhatt\u00e1k magukat. <\/p>\n<p>-El\u0151sz\u00f6r ez is furcsa volt, mert kerekessz\u00e9kben \u00fclni olyan dolog, hogy belegondolsz abba, hogy a s\u00e9r\u00fclt emberek ebben \u00e9lik a mindennapjaikat \u00e9s \u0151k nem felt\u00e9tlen\u00fcl mindig j\u00e1tszanak a kerekessz\u00e9kben. Nagyon j\u00f3 volt \u00e9s nagyon izgalmas volt. Sokkal m\u00e1sabb futva kosarazni, mint kerekessz\u00e9kben \u00fclve.&#8221;- tette hozz\u00e1 Hegyi N\u00f3ra Lili.<\/p>\n<p>A Liget \u00dati Iskol\u00e1ba j\u00e1r\u00f3 gyerekek sz\u00edv\u00e9hez k\u00f6zel \u00e1ll a sport. Nincs olyan nap, amikor ne telne meg a tornaterem. A di\u00e1kok rendszeresen j\u00e1rnak versenyekre is. <\/p>\n<p>-Nagyon j\u00f3 a k\u00f6r\u00fclm\u00e9ny \u00e9s nagyon j\u00f3 a testnevel\u00e9s\u00f3ra Zoli b\u00e1val.&#8221;- mes\u00e9lte Rab L\u00e1szl\u00f3 Zolt\u00e1n.<\/p>\n<p>A L\u00e9lekmozgat\u00f3 projekt el\u0151 programj\u00e1nak c\u00e9lja, hogy a di\u00e1kok megismerj\u00e9k a fogyat\u00e9kkal \u00e9l\u0151 t\u00e1rsaik mindennapjaival. <\/p>\n<p>-A gyerekeknek lehet\u0151s\u00e9get biztos\u00edtunk arra, hogy s\u00e9r\u00fclt gyerekek sz\u00e1m\u00e1ra az iskol\u00e1nkban m\u0171k\u00f6d\u0151 sport\u00e1gakat kipr\u00f3b\u00e1lhatnak. Ezek adapt\u00e1lt sport\u00e1gak, teh\u00e1t a gyerekek s\u00e9r\u00fcl\u00e9s\u00e9hez igazodva az eredeti sport\u00e1gakat adapt\u00e1ljuk. Speci\u00e1lis eszk\u00f6z\u00f6k kellenek \u00e9s ezeket most \u0151k is megbar\u00e1tkozhatnak, illetve kipr\u00f3b\u00e1lhatj\u00e1k.&#8221;-Mondta Boka Barbara a Liget \u00dati EGYMI gy\u00f3gypedag\u00f3gusa. <\/p>\n<p>A program febru\u00e1r 22-\u00e9n a Magyar ParaSport Napj\u00e1n a Kassai \u00dati \u00c1ltal\u00e1nos Iskol\u00e1ban folytat\u00f3dik.<br \/>\n<br \/>\n<div style=\"width: 640px;\" class=\"wp-video\"><!--[if lt IE 9]><script>document.createElement('video');<\/script><![endif]-->\n<video class=\"wp-video-shortcode\" id=\"video-8278-1\" width=\"640\" height=\"360\" preload=\"metadata\" controls=\"controls\"><source type=\"video\/mp4\" src=\"\/spots\/hir\/hir_180220_03.mp4?_=1\" \/><a href=\"\/spots\/hir\/hir_180220_03.mp4\">\/spots\/hir\/hir_180220_03.mp4<\/a><\/video><\/div><\/p>\n","protected":false},"excerpt":{"rendered":"<p>Rendhagy\u00f3 idegenvezet\u00e9sben volt r\u00e9sze annak a 23 tanul\u00f3nak, aki a Liget \u00dati Iskol\u00e1ba l\u00e1togatott. A Kassais di\u00e1kok megn\u00e9zhett\u00e9k az int\u00e9zm\u00e9nybe j\u00e1r\u00f3 gyerekek mindennapjait \u00e9s tan\u00f3r\u00e1it. -Kicsit az\u00e9rt fura volt, de a sz\u00edvemet is egy kicsit megmelengette, ahogy itt fogyat\u00e9kos gyerekek \u00e9lnek. De \u00fagy gondolom, hogy ugyanolyanok, mint mi \u00e9s lehet vel\u00fck j\u00e1tszani, kedvesek \u00e9s aranyosak.&#8221;- [&hellip;]<\/p>\n","protected":false},"author":2,"featured_media":0,"comment_status":"closed","ping_status":"closed","sticky":false,"template":"","format":"standard","meta":[],"categories":[9],"tags":[],"_links":{"self":[{"href":"http:\/\/archiv.szolnoktv.hu\/index.php?rest_route=\/wp\/v2\/posts\/8278"}],"collection":[{"href":"http:\/\/archiv.szolnoktv.hu\/index.php?rest_route=\/wp\/v2\/posts"}],"about":[{"href":"http:\/\/archiv.szolnoktv.hu\/index.php?rest_route=\/wp\/v2\/types\/post"}],"author":[{"embeddable":true,"href":"http:\/\/archiv.szolnoktv.hu\/index.php?rest_route=\/wp\/v2\/users\/2"}],"replies":[{"embeddable":true,"href":"http:\/\/archiv.szolnoktv.hu\/index.php?rest_route=%2Fwp%2Fv2%2Fcomments&post=8278"}],"version-history":[{"count":1,"href":"http:\/\/archiv.szolnoktv.hu\/index.php?rest_route=\/wp\/v2\/posts\/8278\/revisions"}],"predecessor-version":[{"id":8317,"href":"http:\/\/archiv.szolnoktv.hu\/index.php?rest_route=\/wp\/v2\/posts\/8278\/revisions\/8317"}],"wp:attachment":[{"href":"http:\/\/archiv.szolnoktv.hu\/index.php?rest_route=%2Fwp%2Fv2%2Fmedia&parent=8278"}],"wp:term":[{"taxonomy":"category","embeddable":true,"href":"http:\/\/archiv.szolnoktv.hu\/index.php?rest_route=%2Fwp%2Fv2%2Fcategories&post=8278"},{"taxonomy":"post_tag","embeddable":true,"href":"http:\/\/archiv.szolnoktv.hu\/index.php?rest_route=%2Fwp%2Fv2%2Ftags&post=8278"}],"curies":[{"name":"wp","href":"https:\/\/api.w.org\/{rel}","templated":true}]}}