{"id":8277,"date":"2018-02-20T14:56:22","date_gmt":"2018-02-20T14:56:22","guid":{"rendered":"http:\/\/archiv.szolnoktv.hu\/?p=8277"},"modified":"2021-08-13T18:56:14","modified_gmt":"2021-08-13T18:56:14","slug":"az-orok-tel-cimu-film-szolnokon","status":"publish","type":"post","link":"http:\/\/archiv.szolnoktv.hu\/?p=8277","title":{"rendered":"Az \u00f6r\u00f6k t\u00e9l c\u00edm\u0171 film Szolnokon"},"content":{"rendered":"<div class='booster-block booster-read-block'><\/div><p>Az \u00d6r\u00f6k t\u00e9l c\u00edm\u0171 t\u00f6rt\u00e9nelmi dr\u00e1m\u00e1t tekinthett\u00e9k meg szolnoki di\u00e1kok a TiszapArti moziban tegnap d\u00e9lut\u00e1n. A film a szovjet GUPVI t\u00e1borok elhallgatott vil\u00e1g\u00e1r\u00f3l sz\u00f3l. Ezekben a munkat\u00e1borokban k\u00f6zel 250 ezer magyar, t\u00f6bbs\u00e9g\u00e9ben n\u0151 szenvedett a II. vil\u00e1gh\u00e1bor\u00fa ut\u00e1n. A film az \u0151 harcukat \u00e9s t\u00fal\u00e9l\u00e9s\u00fcket mutatja be egy nem mindennapi szerelmi sz\u00e1l ment\u00e9n vezetve. A film f\u00e9rfi f\u0151szerepl\u0151je, Cs\u00e1nyi S\u00e1ndor \u00edgy jellemezte ezt:<\/p>\n<p>-Van olyan szerelem, amiben nincs romantika. Ebbe szerintem nincs. Ebbe k\u00edm\u00e9letlens\u00e9g van, kegyetlens\u00e9g van. T\u00fal\u00e9l\u00e9s van. Teh\u00e1t azt gondolom, ezek k\u00f6z\u00f6tt a k\u00f6r\u00fclm\u00e9nyek k\u00f6z\u00f6tt nincs helye vagy nincs ideje a romantik\u00e1nak. Romantika az, hogy loptam neki egy kanalat \u00e9s odaadom, mert k\u00e9zzel ette a levest. Teh\u00e1t, ez ilyen praktikus romantika, ink\u00e1bb ez a r\u00e9sze van.&#8221;<\/p>\n<p>A F\u00e9lvil\u00e1g \u00e9s A berni k\u00f6vet alkot\u00f3p\u00e1rosa, Sz\u00e1sz Attila rendez\u0151 \u00e9s K\u00f6bli Norbert forgat\u00f3k\u00f6nyv\u00edr\u00f3 \u00faj t\u00f6rt\u00e9nelmi dr\u00e1m\u00e1ja megt\u00f6rt\u00e9nt esem\u00e9nyeken alapszik.<\/p>\n<p>-Ez m\u00e1r el\u00e9g kor\u00e1n, t\u00edz-tizenak\u00e1rh\u00e1ny \u00e9ve hozz\u00e1m ker\u00fclt ez a t\u00f6rt\u00e9net \u00e9s az \u00f3ta sokat gondolkodtam rajta, de most a Gul\u00e1g Eml\u00e9kbizotts\u00e1g t\u00e1mogat\u00e1s\u00e1val tudtuk megval\u00f3s\u00edtani. \u00c9s amikor m\u00e1r tudtuk, hogy lesz t\u00e1mogat\u00e1sunk, akkor m\u00e1r 3-4 h\u00f3nap alatt megsz\u00fcletett a forgat\u00f3k\u00f6nyv, amin azt\u00e1n m\u00e9g dolgoztunk. A forgat\u00f3k\u00f6nyvek olyanok, hogy \u00e1tdolgozzuk \u0151ket azt\u00e1n megint \u00e9s azt\u00e1n viszonylag hamar, az ut\u00e1n egy f\u00e9l \u00e9vvel m\u00e1r forgattunk, forgattuk a filmet.&#8221;<\/p>\n<p>A filmet 28 nap alatt forgatt\u00e1k, t\u00f6bbek k\u00f6z\u00f6tt egy fels\u0151pet\u00e9nyi b\u00e1ny\u00e1ban, a szentendrei skanzenben \u00e9s a magas T\u00e1tr\u00e1ban is. A szolnoki premier el\u0151tti vet\u00edt\u00e9st egy online t\u00f6rt\u00e9nelmi j\u00e1t\u00e9k el\u0151zte meg, melynek c\u00e9lja, hogy a di\u00e1kok m\u00e9lyebben megismerhess\u00e9k ezt a titkolt korszakot. A rendez\u0151, Sz\u00e1sz Attila \u00edgy nyilatkozott a k\u00f6z\u00f6ns\u00e9gtal\u00e1lkoz\u00f3r\u00f3l:<\/p>\n<p>-Nagyon nagy izgalommal v\u00e1rtam ezt a mai napot, mert egykori gimn\u00e1ziumom, egykori t\u00f6rt\u00e9nelem tan\u00e1rom \u00e9s oszt\u00e1lyf\u0151n\u00f6k\u00f6m csapata is r\u00e9szt vett ebben az online vet\u00e9lked\u0151ben, amit az \u00d6r\u00f6k t\u00e9l weboldal\u00e1n hirdett\u00fcnk, \u00e9s nagy \u00f6r\u00f6m\u00f6mre beker\u00fcltek az els\u0151 3 helyezettbe, majdnem megnyert\u00e9k. \u00dagy hogy jutalmul vagy d\u00edjul j\u00e1rt ez a premier el\u0151tti vet\u00edt\u00e9s \u00e9s h\u00e1t mindig sz\u00edvesen j\u00f6v\u00f6k vissza a sz\u00fcl\u0151v\u00e1rosomba. Mindig olyan \u00f6r\u00f6mmel meg szeretettel fogadnak, hogy mindig van egy k\u00fcl\u00f6nleges leveg\u0151je meg hangulata, mert j\u00f3 \u00e9rz\u00e9s, hogy az emberre b\u00fcszk\u00e9k.&#8221; <\/p>\n<p>A filmet kommunista diktat\u00far\u00e1k \u00e1ldozatainak eml\u00e9knapj\u00e1n, febru\u00e1r 25-\u00e9n t\u0171zi m\u0171sor\u00e1ra a Duna Telev\u00edzi\u00f3.<br \/>\n<br \/>\n<div style=\"width: 640px;\" class=\"wp-video\"><!--[if lt IE 9]><script>document.createElement('video');<\/script><![endif]-->\n<video class=\"wp-video-shortcode\" id=\"video-8277-1\" width=\"640\" height=\"360\" preload=\"metadata\" controls=\"controls\"><source type=\"video\/mp4\" src=\"\/spots\/hir\/hir_180220_02.mp4?_=1\" \/><a href=\"\/spots\/hir\/hir_180220_02.mp4\">\/spots\/hir\/hir_180220_02.mp4<\/a><\/video><\/div><\/p>\n","protected":false},"excerpt":{"rendered":"<p>Az \u00d6r\u00f6k t\u00e9l c\u00edm\u0171 t\u00f6rt\u00e9nelmi dr\u00e1m\u00e1t tekinthett\u00e9k meg szolnoki di\u00e1kok a TiszapArti moziban tegnap d\u00e9lut\u00e1n. A film a szovjet GUPVI t\u00e1borok elhallgatott vil\u00e1g\u00e1r\u00f3l sz\u00f3l. Ezekben a munkat\u00e1borokban k\u00f6zel 250 ezer magyar, t\u00f6bbs\u00e9g\u00e9ben n\u0151 szenvedett a II. vil\u00e1gh\u00e1bor\u00fa ut\u00e1n. A film az \u0151 harcukat \u00e9s t\u00fal\u00e9l\u00e9s\u00fcket mutatja be egy nem mindennapi szerelmi sz\u00e1l ment\u00e9n vezetve. A [&hellip;]<\/p>\n","protected":false},"author":2,"featured_media":0,"comment_status":"closed","ping_status":"closed","sticky":false,"template":"","format":"standard","meta":[],"categories":[9],"tags":[],"_links":{"self":[{"href":"http:\/\/archiv.szolnoktv.hu\/index.php?rest_route=\/wp\/v2\/posts\/8277"}],"collection":[{"href":"http:\/\/archiv.szolnoktv.hu\/index.php?rest_route=\/wp\/v2\/posts"}],"about":[{"href":"http:\/\/archiv.szolnoktv.hu\/index.php?rest_route=\/wp\/v2\/types\/post"}],"author":[{"embeddable":true,"href":"http:\/\/archiv.szolnoktv.hu\/index.php?rest_route=\/wp\/v2\/users\/2"}],"replies":[{"embeddable":true,"href":"http:\/\/archiv.szolnoktv.hu\/index.php?rest_route=%2Fwp%2Fv2%2Fcomments&post=8277"}],"version-history":[{"count":1,"href":"http:\/\/archiv.szolnoktv.hu\/index.php?rest_route=\/wp\/v2\/posts\/8277\/revisions"}],"predecessor-version":[{"id":8318,"href":"http:\/\/archiv.szolnoktv.hu\/index.php?rest_route=\/wp\/v2\/posts\/8277\/revisions\/8318"}],"wp:attachment":[{"href":"http:\/\/archiv.szolnoktv.hu\/index.php?rest_route=%2Fwp%2Fv2%2Fmedia&parent=8277"}],"wp:term":[{"taxonomy":"category","embeddable":true,"href":"http:\/\/archiv.szolnoktv.hu\/index.php?rest_route=%2Fwp%2Fv2%2Fcategories&post=8277"},{"taxonomy":"post_tag","embeddable":true,"href":"http:\/\/archiv.szolnoktv.hu\/index.php?rest_route=%2Fwp%2Fv2%2Ftags&post=8277"}],"curies":[{"name":"wp","href":"https:\/\/api.w.org\/{rel}","templated":true}]}}