{"id":8276,"date":"2018-02-19T17:36:05","date_gmt":"2018-02-19T17:36:05","guid":{"rendered":"http:\/\/archiv.szolnoktv.hu\/?p=8276"},"modified":"2021-08-13T18:56:15","modified_gmt":"2021-08-13T18:56:15","slug":"ulesezett-a-varosfejlesztesi-bizottsag-4","status":"publish","type":"post","link":"http:\/\/archiv.szolnoktv.hu\/?p=8276","title":{"rendered":"\u00dcl\u00e9sezett a V\u00e1rosfejleszt\u00e9si bizotts\u00e1g"},"content":{"rendered":"<div class='booster-block booster-read-block'><\/div><p> C\u00e9l \u00e9s id\u0151szer\u0171v\u00e9 v\u00e1lt a v\u00e1ros f\u00fcstk\u00f6d-riad\u00f3 terv\u00e9nek kidolgoz\u00e1sa, annak ellen\u00e9re, hogy nem lett volna k\u00f6telez\u0151, hiszen a v\u00e1ros lakoss\u00e1ga nem \u00e9ri el a 200 ezer f\u0151t, \u00e9s nem \u00fczemelnek a megyesz\u00e9khelyen nagy porkibocs\u00e1t\u00e1ssal j\u00e1r\u00f3 \u00fczemek sem. &#8211; mondta Moln\u00e1r Iv\u00e1n. A  k\u00f6zgy\u0171l\u00e9s  V\u00e1rosfejleszt\u00e9si \u00e9s \u00dczemeltet\u00e9si Bizotts\u00e1g\u00e1nak eln\u00f6ke hozz\u00e1tette: a j\u00f3 min\u0151s\u00e9g\u0171 leveg\u0151 az eg\u00e9szs\u00e9ges k\u00f6rnyezet alapeleme, a l\u00e9gszennyez\u00e9s\u00e9rt pedig t\u00f6bbnyire a lak\u00f3k felelnek. <\/p>\n<p>-Meg\u00e1llap\u00edthat\u00f3 az, hogy a l\u00e9gszennyezetts\u00e9get a lakoss\u00e1g f\u0171t\u00e9si szok\u00e1sai okozz\u00e1k. Orsz\u00e1gos viszonylatban mintegy 65%-ban a l\u00e9gszennyez\u00e9st a a lakoss\u00e1g okozza. Ebb\u0151l a legvesz\u00e9lyesebb a sz\u00e1ll\u00f3por terhel\u00e9s, ez okozza a legt\u00f6bb betegs\u00e9get.&#8221; &#8211; mondta Moln\u00e1r Iv\u00e1n a V\u00e1rosfejleszt\u00e9si \u00e9s \u00dczemeltet\u00e9si Bizotts\u00e1g eln\u00f6ke.<\/p>\n<p> A most kidolgozott f\u00fcstk\u00f6d-riad\u00f3 terv t\u00f6bb fontos int\u00e9zked\u00e9st tartalmaz. <\/p>\n<p>-A t\u00e1vlati tervben vannak korl\u00e1toz\u00e1sok, ha szennyez\u00e9s lenne, akkor a 3,5 tonn\u00e1n\u00e1l nehezebb aut\u00f3knak a forgalomb\u00f3l val\u00f3 kiz\u00e1r\u00e1sa, \u00e9s bizonyos \u00fczemek korl\u00e1toz\u00e1sa, a legl\u00e9nyegesebb az, amit szeretn\u00e9nk, a -F\u0171ts okosan&#8221; program keret\u00e9ben a lakoss\u00e1got megtan\u00edtani arra, hogy min\u00e9l kevesebb l\u00e9gszennyez\u00e9s keletkezzen. &#8211; &#8211; mondta Moln\u00e1r Iv\u00e1n. <\/p>\n<p>Nem mindegy, hogy mivel \u00e9s hogyan f\u0171t\u00fcnk. Am\u00edg a f\u00f6ldg\u00e1z haszn\u00e1lata eset\u00e9n az eg\u00e9szs\u00e9g\u00fcgyi szempontb\u00f3l legvesz\u00e9lyesebbnek tekintett kism\u00e9ret\u0171 r\u00e9szecske kibocs\u00e1t\u00e1s elhanyagolhat\u00f3, ezzel szemben a szil\u00e1rd t\u00fczel\u0151anyagok el\u00e9get\u00e9sekor nagy mennyis\u00e9g\u0171 k\u00e1rosanyag ker\u00fclhet a leveg\u0151be. &#8211; folytatta az eln\u00f6k. A f\u0171t\u00e9s korszer\u0171s\u00edt\u00e9s ez\u00e9rt kiemelt szerepet kap. A tervet  elfogadta a k\u00f6zgy\u0171l\u00e9s  V\u00e1rosfejleszt\u00e9si \u00e9s \u00dczemeltet\u00e9si Bizotts\u00e1ga.<br \/>\n<br \/>\n<div style=\"width: 640px;\" class=\"wp-video\"><!--[if lt IE 9]><script>document.createElement('video');<\/script><![endif]-->\n<video class=\"wp-video-shortcode\" id=\"video-8276-1\" width=\"640\" height=\"360\" preload=\"metadata\" controls=\"controls\"><source type=\"video\/mp4\" src=\"\/spots\/hir\/hir_180219_04.mp4?_=1\" \/><a href=\"\/spots\/hir\/hir_180219_04.mp4\">\/spots\/hir\/hir_180219_04.mp4<\/a><\/video><\/div><\/p>\n","protected":false},"excerpt":{"rendered":"<p>C\u00e9l \u00e9s id\u0151szer\u0171v\u00e9 v\u00e1lt a v\u00e1ros f\u00fcstk\u00f6d-riad\u00f3 terv\u00e9nek kidolgoz\u00e1sa, annak ellen\u00e9re, hogy nem lett volna k\u00f6telez\u0151, hiszen a v\u00e1ros lakoss\u00e1ga nem \u00e9ri el a 200 ezer f\u0151t, \u00e9s nem \u00fczemelnek a megyesz\u00e9khelyen nagy porkibocs\u00e1t\u00e1ssal j\u00e1r\u00f3 \u00fczemek sem. &#8211; mondta Moln\u00e1r Iv\u00e1n. A k\u00f6zgy\u0171l\u00e9s V\u00e1rosfejleszt\u00e9si \u00e9s \u00dczemeltet\u00e9si Bizotts\u00e1g\u00e1nak eln\u00f6ke hozz\u00e1tette: a j\u00f3 min\u0151s\u00e9g\u0171 leveg\u0151 az eg\u00e9szs\u00e9ges [&hellip;]<\/p>\n","protected":false},"author":2,"featured_media":0,"comment_status":"closed","ping_status":"closed","sticky":false,"template":"","format":"standard","meta":[],"categories":[9],"tags":[],"_links":{"self":[{"href":"http:\/\/archiv.szolnoktv.hu\/index.php?rest_route=\/wp\/v2\/posts\/8276"}],"collection":[{"href":"http:\/\/archiv.szolnoktv.hu\/index.php?rest_route=\/wp\/v2\/posts"}],"about":[{"href":"http:\/\/archiv.szolnoktv.hu\/index.php?rest_route=\/wp\/v2\/types\/post"}],"author":[{"embeddable":true,"href":"http:\/\/archiv.szolnoktv.hu\/index.php?rest_route=\/wp\/v2\/users\/2"}],"replies":[{"embeddable":true,"href":"http:\/\/archiv.szolnoktv.hu\/index.php?rest_route=%2Fwp%2Fv2%2Fcomments&post=8276"}],"version-history":[{"count":1,"href":"http:\/\/archiv.szolnoktv.hu\/index.php?rest_route=\/wp\/v2\/posts\/8276\/revisions"}],"predecessor-version":[{"id":8319,"href":"http:\/\/archiv.szolnoktv.hu\/index.php?rest_route=\/wp\/v2\/posts\/8276\/revisions\/8319"}],"wp:attachment":[{"href":"http:\/\/archiv.szolnoktv.hu\/index.php?rest_route=%2Fwp%2Fv2%2Fmedia&parent=8276"}],"wp:term":[{"taxonomy":"category","embeddable":true,"href":"http:\/\/archiv.szolnoktv.hu\/index.php?rest_route=%2Fwp%2Fv2%2Fcategories&post=8276"},{"taxonomy":"post_tag","embeddable":true,"href":"http:\/\/archiv.szolnoktv.hu\/index.php?rest_route=%2Fwp%2Fv2%2Ftags&post=8276"}],"curies":[{"name":"wp","href":"https:\/\/api.w.org\/{rel}","templated":true}]}}