{"id":8275,"date":"2018-02-19T17:34:33","date_gmt":"2018-02-19T17:34:33","guid":{"rendered":"http:\/\/archiv.szolnoktv.hu\/?p=8275"},"modified":"2021-08-13T18:56:15","modified_gmt":"2021-08-13T18:56:15","slug":"megkezdodott-az-alairasgyujtes","status":"publish","type":"post","link":"http:\/\/archiv.szolnoktv.hu\/?p=8275","title":{"rendered":"Megkezd\u0151d\u00f6tt az al\u00e1\u00edr\u00e1sgy\u0171jt\u00e9s"},"content":{"rendered":"<div class='booster-block booster-read-block'><\/div><p>A mai napt\u00f3l vehetnek \u00e1t aj\u00e1nl\u00f3\u00edveket azok, akik egy\u00e9ni v\u00e1laszt\u00f3ker\u00fcleti jel\u00f6ltk\u00e9nt szeretn\u00e9nek indulni az \u00e1prilis 8-i orsz\u00e1ggy\u0171l\u00e9si v\u00e1laszt\u00e1son. A jel\u00f6ltek \u00e9s a jel\u00f6l\u0151szervezetek a nyomtatv\u00e1nyokat a v\u00e1laszt\u00e1si irod\u00e1kban febru\u00e1r eleje \u00f3ta ig\u00e9nyelhetik.<\/p>\n<p>-Jel\u00f6ltaj\u00e1nl\u00e1s id\u0151szaka febru\u00e1r 19-t\u0151l m\u00e1rcius 5-\u00e9n 16:00 \u00f3r\u00e1ig tart. Ahhoz, hogy valaki jel\u00f6lt\u00e9 v\u00e1ljon az 1. sz\u00e1m\u00fa egy\u00e9ni v\u00e1laszt\u00e1si ker\u00fcletben \u00f6sszesen 500 \u00e9rv\u00e9nyes al\u00e1\u00edr\u00e1ssal kell, hogy rendelkezzen.&#8221;- mondta Dr. R\u00e1cz Andrea aljegyz\u0151.<\/p>\n<p>Aj\u00e1nl\u00e1s  &#8211;   fels\u0151oktat\u00e1si \u00e9s k\u00f6znevel\u00e9si int\u00e9zm\u00e9nyek, eg\u00e9szs\u00e9g\u00fcgyi szolg\u00e1ltat\u00f3 helyis\u00e9gek, t\u00f6megk\u00f6zleked\u00e9si eszk\u00f6z\u00f6k, az aj\u00e1nl\u00f3, illetve az aj\u00e1nl\u00e1st gy\u0171jt\u0151 munkahelye kiv\u00e9tel\u00e9vel  &#8211;   az \u00e1llampolg\u00e1rok zaklat\u00e1sa n\u00e9lk\u00fcl b\u00e1rhol gy\u0171jthet\u0151. <\/p>\n<p>-V\u00e1laszt\u00f3polg\u00e1r saj\u00e1t maga t\u00f6lti ki, vagy a szem\u00e9lyes adatait az al\u00e1\u00edr\u00e1sgy\u0171jt\u0151 r\u00e1vezeti az aj\u00e1nl\u00f3 \u00edvre. Viszont a v\u00e1laszt\u00f3polg\u00e1rnak az aj\u00e1nl\u00f3\u00edvet saj\u00e1t kez\u0171leg kell al\u00e1\u00edrnia mindenf\u00e9lek\u00e9ppen. Azok az adatok, amik sz\u00fcks\u00e9gesek a kit\u00f6lt\u00e9shez: v\u00e1laszt\u00f3polg\u00e1r neve, szem\u00e9lyazonos\u00edt\u00f3 jele, \u00e9desanyja neve \u00e9s egy lakc\u00edmrovat is van \u00e9s ezut\u00e1n k\u00f6vetkezik a saj\u00e1t kez\u0171 al\u00e1\u00edr\u00e1s.&#8221; &#8211; tette hozz\u00e1 Dr. R\u00e1cz Andrea.<\/p>\n<p>Egy v\u00e1laszt\u00f3polg\u00e1r t\u00f6bb szem\u00e9lyt is aj\u00e1nlhat, azonban egy jel\u00f6ltet csak egyszer t\u00e1mogathat. Az al\u00e1\u00edrt nyomtatv\u00e1nyokat m\u00e1rcius 5-\u00e9n 16:00-ig kell visszajuttatni a v\u00e1laszt\u00e1si irod\u00e1ba, ahol az \u00f6sszegy\u0171jt\u00f6tt al\u00e1\u00edr\u00e1sok \u00e9rv\u00e9nyess\u00e9g\u00e9t ellen\u0151rzik. Azt az aj\u00e1nl\u00f3\u00edvet, amely nem tartalmaz aj\u00e1nl\u00e1st legk\u00e9s\u0151bb m\u00e1rcius 6-\u00e1n 16-ig kell visszaszolg\u00e1ltatni.<br \/>\n<br \/>\n<div style=\"width: 640px;\" class=\"wp-video\"><!--[if lt IE 9]><script>document.createElement('video');<\/script><![endif]-->\n<video class=\"wp-video-shortcode\" id=\"video-8275-1\" width=\"640\" height=\"360\" preload=\"metadata\" controls=\"controls\"><source type=\"video\/mp4\" src=\"\/spots\/hir\/hir_180219_05.mp4?_=1\" \/><a href=\"\/spots\/hir\/hir_180219_05.mp4\">\/spots\/hir\/hir_180219_05.mp4<\/a><\/video><\/div><\/p>\n","protected":false},"excerpt":{"rendered":"<p>A mai napt\u00f3l vehetnek \u00e1t aj\u00e1nl\u00f3\u00edveket azok, akik egy\u00e9ni v\u00e1laszt\u00f3ker\u00fcleti jel\u00f6ltk\u00e9nt szeretn\u00e9nek indulni az \u00e1prilis 8-i orsz\u00e1ggy\u0171l\u00e9si v\u00e1laszt\u00e1son. A jel\u00f6ltek \u00e9s a jel\u00f6l\u0151szervezetek a nyomtatv\u00e1nyokat a v\u00e1laszt\u00e1si irod\u00e1kban febru\u00e1r eleje \u00f3ta ig\u00e9nyelhetik. -Jel\u00f6ltaj\u00e1nl\u00e1s id\u0151szaka febru\u00e1r 19-t\u0151l m\u00e1rcius 5-\u00e9n 16:00 \u00f3r\u00e1ig tart. Ahhoz, hogy valaki jel\u00f6lt\u00e9 v\u00e1ljon az 1. sz\u00e1m\u00fa egy\u00e9ni v\u00e1laszt\u00e1si ker\u00fcletben \u00f6sszesen 500 \u00e9rv\u00e9nyes [&hellip;]<\/p>\n","protected":false},"author":2,"featured_media":0,"comment_status":"closed","ping_status":"closed","sticky":false,"template":"","format":"standard","meta":[],"categories":[9],"tags":[],"_links":{"self":[{"href":"http:\/\/archiv.szolnoktv.hu\/index.php?rest_route=\/wp\/v2\/posts\/8275"}],"collection":[{"href":"http:\/\/archiv.szolnoktv.hu\/index.php?rest_route=\/wp\/v2\/posts"}],"about":[{"href":"http:\/\/archiv.szolnoktv.hu\/index.php?rest_route=\/wp\/v2\/types\/post"}],"author":[{"embeddable":true,"href":"http:\/\/archiv.szolnoktv.hu\/index.php?rest_route=\/wp\/v2\/users\/2"}],"replies":[{"embeddable":true,"href":"http:\/\/archiv.szolnoktv.hu\/index.php?rest_route=%2Fwp%2Fv2%2Fcomments&post=8275"}],"version-history":[{"count":1,"href":"http:\/\/archiv.szolnoktv.hu\/index.php?rest_route=\/wp\/v2\/posts\/8275\/revisions"}],"predecessor-version":[{"id":8320,"href":"http:\/\/archiv.szolnoktv.hu\/index.php?rest_route=\/wp\/v2\/posts\/8275\/revisions\/8320"}],"wp:attachment":[{"href":"http:\/\/archiv.szolnoktv.hu\/index.php?rest_route=%2Fwp%2Fv2%2Fmedia&parent=8275"}],"wp:term":[{"taxonomy":"category","embeddable":true,"href":"http:\/\/archiv.szolnoktv.hu\/index.php?rest_route=%2Fwp%2Fv2%2Fcategories&post=8275"},{"taxonomy":"post_tag","embeddable":true,"href":"http:\/\/archiv.szolnoktv.hu\/index.php?rest_route=%2Fwp%2Fv2%2Ftags&post=8275"}],"curies":[{"name":"wp","href":"https:\/\/api.w.org\/{rel}","templated":true}]}}