{"id":8274,"date":"2018-02-19T17:33:08","date_gmt":"2018-02-19T17:33:08","guid":{"rendered":"http:\/\/archiv.szolnoktv.hu\/?p=8274"},"modified":"2021-08-13T18:56:15","modified_gmt":"2021-08-13T18:56:15","slug":"tobb-kilometeren-megujul-a-32-es-es-a-4-es-burkolata","status":"publish","type":"post","link":"http:\/\/archiv.szolnoktv.hu\/?p=8274","title":{"rendered":"T\u00f6bb kilom\u00e9teren meg\u00fajul a 32-es \u00e9s a 4-es burkolata"},"content":{"rendered":"<div class='booster-block booster-read-block'><\/div><p>Jelent\u0151s a forgalom a 32-es \u00fat Abonyt Szolnokkal \u00f6sszek\u00f6t\u0151 n\u00e9h\u00e1ny kilom\u00e9teres szakasz\u00e1n. A burkolat az elm\u00falt \u00e9vekben t\u00f6nkrement, t\u00f6bb helyen is l\u00e1tsz\u00f3dnak a jav\u00edt\u00e1sok nyomai. Az \u00fat fel\u00faj\u00edt\u00e1sa a szolnoki vas\u00fati h\u00edd \u00e9s az elker\u00fcl\u0151 felhajt\u00f3ja k\u00f6z\u00f6tti 3,3 kilom\u00e9teres szakaszon v\u00e1rhat\u00f3an m\u00e1rcius k\u00f6zep\u00e9n kezd\u0151dik 200 milli\u00f3 forintb\u00f3l.<\/p>\n<p>Ny\u00e1r elej\u00e9n pedig a 4-es Szolnokot d\u00e9lr\u0151l elker\u00fcl\u0151 szakasza is \u00faj burkolatot kap. A f\u0151\u00faton \u00e1thalad\u00f3 tranzitforgalom jelent\u0151s, ez\u00e9rt fontos, a megfelel\u0151 aszfaltr\u00e9teg kialak\u00edt\u00e1sa.<\/p>\n<p>-A Holt-Tisz\u00e1n \u00e1t\u00edvel\u0151 h\u00edd ut\u00e1ni szakasza a 4-es elker\u00fcl\u0151nek, eg\u00e9szen a turb\u00f3 k\u00f6rforgalomig tart\u00f3 szakasz, ez egy 340-350 milli\u00f3 forintos 4 kilom\u00e9ter hossz\u00fa szakasz. Azt gondolom, hogy mindenki sz\u00e1m\u00e1ra fontos az a bejelent\u00e9s, hogy a v\u00e1ros el\u00e9rhet\u0151s\u00e9ge, a lehet\u0151 legjobb min\u0151s\u00e9g\u0171 utakkal t\u00f6rt\u00e9njen.&#8221;  &#8211; mondta Szalay Ferenc, polg\u00e1rmester<\/p>\n<p>A k\u00e9t \u00fatszakaszon az \u00faj kop\u00f3r\u00e9teg mellett a burkolat teherb\u00edr\u00e1sa is er\u0151sebb lesz. A fejleszt\u00e9ssel az \u00fattest tart\u00f3ss\u00e1ga is n\u00f6vekszik. <\/p>\n<p>-Egy burkolat fel\u00faj\u00edt\u00e1sr\u00f3l van sz\u00f3, itt mar\u00e1sr\u00f3l \u00e9s \u00fajra aszfaltoz\u00e1sr\u00f3l besz\u00e9lhet\u00fcnk, ez 5 centim\u00e9ter vastags\u00e1gban t\u00f6rt\u00e9nik, ennek a 3,3 kilom\u00e9teres szakasznak a java r\u00e9sz\u00e9n \u00e9s a t\u00fals\u00f3 v\u00e9g\u00e9n, ott, ahol a vas\u00fati alulj\u00e1r\u00f3 van, ott lesz egy olyan is, ahol m\u00e9g a k\u00f6t\u0151r\u00e9teget is lemarjuk \u00e9s k\u00e9t r\u00e9tegben lesz a fel\u00faj\u00edt\u00e1s.&#8221;  &#8211;   fogalmazott V\u00e1ntsa Zolt\u00e1n, a Magyar K\u00f6z\u00fat Nonprofit Zrt megyei igazgat\u00f3ja<\/p>\n<p>A hamarosan meg\u00e9p\u00fcl\u0151 M4-es gyorsforgalmi \u00fattal, valamint a most fel\u00faj\u00edt\u00e1sra ker\u00fcl\u0151 \u00fatszakaszokkal tov\u00e1bb er\u0151s\u00f6dik a r\u00e9gi\u00f3 \u00e9s azon bel\u00fcl Szolnok gazdas\u00e1ga. A r\u00f6vid\u00fcl\u0151 sz\u00e1ll\u00edt\u00e1si id\u0151kkel n\u0151 a helyi v\u00e1llalkoz\u00e1sok versenyk\u00e9pess\u00e9ge is. A megyesz\u00e9khely k\u00f6rnyezet\u00e9ben a k\u00f6zelj\u00f6v\u0151ben m\u00e9g 8 helyen kezd\u0151dnek \u00fatfel\u00faj\u00edt\u00e1sok. <\/p>\n<p>Dr. K\u00e1llai M\u00e1ria, megyei korm\u00e1nymegb\u00edzott al\u00e1h\u00fazta: -Egy\u00e9rtelm\u0171, hogy az \u00fath\u00e1l\u00f3zat \u00e9s a gazdas\u00e1g szorosan \u00f6sszef\u00fcgg. Biztos vagyok abban, hogy a 4-es \u00fat meg\u00e9p\u00edt\u00e9se, biztos vagyok abban, hogy a helyi fejleszt\u00e9sek azon t\u00falmen\u0151en, hogy a lak\u00f3k biztons\u00e1g\u00e1hoz, a gazdas\u00e1g er\u0151s\u00edt\u00e9s\u00e9hez is hozz\u00e1j\u00e1rulnak.&#8221;   <\/p>\n<p>A 4-es f\u0151\u00fat fel\u00faj\u00edt\u00e1sa v\u00e1rhat\u00f3an ny\u00e1r elej\u00e9n, a 32-es\u00e9 pedig m\u00e1rcius 15-e ut\u00e1n indul. A tervek szerint a munk\u00e1latok a kezd\u00e9st\u0151l sz\u00e1m\u00edtott 2 h\u00f3napon bel\u00fcl befejez\u0151dnek \u00e9s 100 sz\u00e1zal\u00e9kban hazai, korm\u00e1nyzati forr\u00e1sb\u00f3l val\u00f3sulnak meg. <\/p>\n<div style=\"width: 640px;\" class=\"wp-video\"><!--[if lt IE 9]><script>document.createElement('video');<\/script><![endif]-->\n<video class=\"wp-video-shortcode\" id=\"video-8274-1\" width=\"640\" height=\"360\" preload=\"metadata\" controls=\"controls\"><source type=\"video\/mp4\" src=\"\/spots\/hir\/hir_180219_03.mp4?_=1\" \/><a href=\"\/spots\/hir\/hir_180219_03.mp4\">\/spots\/hir\/hir_180219_03.mp4<\/a><\/video><\/div>\n","protected":false},"excerpt":{"rendered":"<p>Jelent\u0151s a forgalom a 32-es \u00fat Abonyt Szolnokkal \u00f6sszek\u00f6t\u0151 n\u00e9h\u00e1ny kilom\u00e9teres szakasz\u00e1n. A burkolat az elm\u00falt \u00e9vekben t\u00f6nkrement, t\u00f6bb helyen is l\u00e1tsz\u00f3dnak a jav\u00edt\u00e1sok nyomai. Az \u00fat fel\u00faj\u00edt\u00e1sa a szolnoki vas\u00fati h\u00edd \u00e9s az elker\u00fcl\u0151 felhajt\u00f3ja k\u00f6z\u00f6tti 3,3 kilom\u00e9teres szakaszon v\u00e1rhat\u00f3an m\u00e1rcius k\u00f6zep\u00e9n kezd\u0151dik 200 milli\u00f3 forintb\u00f3l. Ny\u00e1r elej\u00e9n pedig a 4-es Szolnokot d\u00e9lr\u0151l elker\u00fcl\u0151 [&hellip;]<\/p>\n","protected":false},"author":2,"featured_media":0,"comment_status":"closed","ping_status":"closed","sticky":false,"template":"","format":"standard","meta":[],"categories":[9],"tags":[],"_links":{"self":[{"href":"http:\/\/archiv.szolnoktv.hu\/index.php?rest_route=\/wp\/v2\/posts\/8274"}],"collection":[{"href":"http:\/\/archiv.szolnoktv.hu\/index.php?rest_route=\/wp\/v2\/posts"}],"about":[{"href":"http:\/\/archiv.szolnoktv.hu\/index.php?rest_route=\/wp\/v2\/types\/post"}],"author":[{"embeddable":true,"href":"http:\/\/archiv.szolnoktv.hu\/index.php?rest_route=\/wp\/v2\/users\/2"}],"replies":[{"embeddable":true,"href":"http:\/\/archiv.szolnoktv.hu\/index.php?rest_route=%2Fwp%2Fv2%2Fcomments&post=8274"}],"version-history":[{"count":1,"href":"http:\/\/archiv.szolnoktv.hu\/index.php?rest_route=\/wp\/v2\/posts\/8274\/revisions"}],"predecessor-version":[{"id":8321,"href":"http:\/\/archiv.szolnoktv.hu\/index.php?rest_route=\/wp\/v2\/posts\/8274\/revisions\/8321"}],"wp:attachment":[{"href":"http:\/\/archiv.szolnoktv.hu\/index.php?rest_route=%2Fwp%2Fv2%2Fmedia&parent=8274"}],"wp:term":[{"taxonomy":"category","embeddable":true,"href":"http:\/\/archiv.szolnoktv.hu\/index.php?rest_route=%2Fwp%2Fv2%2Fcategories&post=8274"},{"taxonomy":"post_tag","embeddable":true,"href":"http:\/\/archiv.szolnoktv.hu\/index.php?rest_route=%2Fwp%2Fv2%2Ftags&post=8274"}],"curies":[{"name":"wp","href":"https:\/\/api.w.org\/{rel}","templated":true}]}}