{"id":8273,"date":"2018-02-19T17:30:10","date_gmt":"2018-02-19T17:30:10","guid":{"rendered":"http:\/\/archiv.szolnoktv.hu\/?p=8273"},"modified":"2021-08-13T18:56:15","modified_gmt":"2021-08-13T18:56:15","slug":"vegh-janka-forgatott-videoklipet","status":"publish","type":"post","link":"http:\/\/archiv.szolnoktv.hu\/?p=8273","title":{"rendered":"V\u00e9gh Janka forgatott videoklipet"},"content":{"rendered":"<div class='booster-block booster-read-block'><\/div><p>A klip rendez\u0151je, Bodn\u00e1r Bogl\u00e1rka instru\u00e1lja a statiszt\u00e1kat az Agora nagysz\u00ednpad\u00e1n. Els\u0151 vide\u00f3 klipj\u00e9t forgatta ugyanis egy fiatal \u00e9nekes Szolnokon. <\/p>\n<p>A gimnazista t\u00f6bb helyi esem\u00e9nyen \u00e9s az \u00c9n vagyok Szolnok c. musicalben is megmutatta m\u00e1r tehets\u00e9g\u00e9t. <\/p>\n<p>A deb\u00fct\u00e1l\u00f3 klip szinopszisa k\u00f6z\u00f6s munka a bar\u00e1tokkal. Csif\u00e1ri \u00c1bel a dekor\u00e1ci\u00f3t \u00e1lmodta meg. Bogl\u00e1rka \u00e9s \u00c1bel egy\u00fcttm\u0171k\u00f6d\u00e9se nem \u00faj kelet\u0171, kor\u00e1bban is vettek m\u00e1r r\u00e9szt k\u00f6z\u00f6s, filmes alkot\u00f3munk\u00e1ban. \u00c1bel, t\u00f6bb m\u00e9teres, mozg\u00f3 v\u00e1sznakra k\u00e9pzelte el a klip sz\u00ednes t\u00e1jait \u00e9s szerepl\u0151it.<\/p>\n<p>&#8211; A dal hangulat\u00e1hoz kicsit ez a mes\u00e9s grafika illik \u00e9s k\u00f6r\u00fclbel\u00fcl m\u00e1sf\u00e9l h\u00e9tig festett\u00fck azt hiszem. Nagyj\u00e1b\u00f3l 8 ember volt tal\u00e1n, de most nem tudom pontosan, kik dolgoztak ezen a projekten.&#8221;<br \/>A forgat\u00e1st t\u00f6bb hetes h\u00e1tt\u00e9rmunka el\u0151zte meg.<\/p>\n<p>&#8211; Nagyon sok\u00e1ig festett\u00fck a v\u00e1sznakat \u00e9s most ugye, mindenki, aki valamilyen szinten t\u00e1mogat vagy valamilyen szinten sz\u00e1m\u00edtok r\u00e1juk, itt van \u00e9s seg\u00edt nekem. \u00c9s ennek \u00e9n nagyon \u00f6r\u00fcl\u00f6k, mert maga a klip is ad egy olyan hangulatot, hogy azok h\u00fazz\u00e1k \u00e9s tolj\u00e1k ki a v\u00e1sznakat, akik valamilyen szinten r\u00e9szt vesznek az \u00e9letemben.&#8221; <\/p>\n<p>A zene szeretete gyerekkora \u00f3ta k\u00eds\u00e9ri Jank\u00e1t. 9 \u00e9vig heged\u00fclt, 5 \u00e9ve zongor\u00e1zik, ukulel\u00e9n pedig m\u00e1sf\u00e9l \u00e9ve j\u00e1tszik. Dalszerz\u00e9ssel 3 \u00e9ve foglalkozik. Janka most \u00e9rzi el\u00e9rkezettnek az id\u0151t arra, hogy megmutassa a vil\u00e1gnak szerzem\u00e9nyeit. Jelenleg a Sz\u00e9chenyi Gimn\u00e1zium dr\u00e1matagozatos tanul\u00f3ja. A j\u00f6v\u0151ben sz\u00edn\u00e9szn\u0151k\u00e9nt vagy dalszerz\u0151k\u00e9nt l\u00e1tja mag\u00e1t.<br \/>\n<br \/>\n<div style=\"width: 640px;\" class=\"wp-video\"><!--[if lt IE 9]><script>document.createElement('video');<\/script><![endif]-->\n<video class=\"wp-video-shortcode\" id=\"video-8273-1\" width=\"640\" height=\"360\" preload=\"metadata\" controls=\"controls\"><source type=\"video\/mp4\" src=\"\/spots\/hir\/hir_180219_02.mp4?_=1\" \/><a href=\"\/spots\/hir\/hir_180219_02.mp4\">\/spots\/hir\/hir_180219_02.mp4<\/a><\/video><\/div><\/p>\n","protected":false},"excerpt":{"rendered":"<p>A klip rendez\u0151je, Bodn\u00e1r Bogl\u00e1rka instru\u00e1lja a statiszt\u00e1kat az Agora nagysz\u00ednpad\u00e1n. Els\u0151 vide\u00f3 klipj\u00e9t forgatta ugyanis egy fiatal \u00e9nekes Szolnokon. A gimnazista t\u00f6bb helyi esem\u00e9nyen \u00e9s az \u00c9n vagyok Szolnok c. musicalben is megmutatta m\u00e1r tehets\u00e9g\u00e9t. A deb\u00fct\u00e1l\u00f3 klip szinopszisa k\u00f6z\u00f6s munka a bar\u00e1tokkal. Csif\u00e1ri \u00c1bel a dekor\u00e1ci\u00f3t \u00e1lmodta meg. Bogl\u00e1rka \u00e9s \u00c1bel egy\u00fcttm\u0171k\u00f6d\u00e9se nem [&hellip;]<\/p>\n","protected":false},"author":2,"featured_media":0,"comment_status":"closed","ping_status":"closed","sticky":false,"template":"","format":"standard","meta":[],"categories":[9],"tags":[],"_links":{"self":[{"href":"http:\/\/archiv.szolnoktv.hu\/index.php?rest_route=\/wp\/v2\/posts\/8273"}],"collection":[{"href":"http:\/\/archiv.szolnoktv.hu\/index.php?rest_route=\/wp\/v2\/posts"}],"about":[{"href":"http:\/\/archiv.szolnoktv.hu\/index.php?rest_route=\/wp\/v2\/types\/post"}],"author":[{"embeddable":true,"href":"http:\/\/archiv.szolnoktv.hu\/index.php?rest_route=\/wp\/v2\/users\/2"}],"replies":[{"embeddable":true,"href":"http:\/\/archiv.szolnoktv.hu\/index.php?rest_route=%2Fwp%2Fv2%2Fcomments&post=8273"}],"version-history":[{"count":1,"href":"http:\/\/archiv.szolnoktv.hu\/index.php?rest_route=\/wp\/v2\/posts\/8273\/revisions"}],"predecessor-version":[{"id":8322,"href":"http:\/\/archiv.szolnoktv.hu\/index.php?rest_route=\/wp\/v2\/posts\/8273\/revisions\/8322"}],"wp:attachment":[{"href":"http:\/\/archiv.szolnoktv.hu\/index.php?rest_route=%2Fwp%2Fv2%2Fmedia&parent=8273"}],"wp:term":[{"taxonomy":"category","embeddable":true,"href":"http:\/\/archiv.szolnoktv.hu\/index.php?rest_route=%2Fwp%2Fv2%2Fcategories&post=8273"},{"taxonomy":"post_tag","embeddable":true,"href":"http:\/\/archiv.szolnoktv.hu\/index.php?rest_route=%2Fwp%2Fv2%2Ftags&post=8273"}],"curies":[{"name":"wp","href":"https:\/\/api.w.org\/{rel}","templated":true}]}}