{"id":8272,"date":"2018-02-19T17:26:53","date_gmt":"2018-02-19T17:26:53","guid":{"rendered":"http:\/\/archiv.szolnoktv.hu\/?p=8272"},"modified":"2021-08-13T18:56:15","modified_gmt":"2021-08-13T18:56:15","slug":"11-milliard-forint-jut-fejlesztesekre","status":"publish","type":"post","link":"http:\/\/archiv.szolnoktv.hu\/?p=8272","title":{"rendered":"11 milli\u00e1rd forint jut fejleszt\u00e9sekre"},"content":{"rendered":"<div class='booster-block booster-read-block'><\/div><p>Az \u00f6nkorm\u00e1nyzat \u00e9s a v\u00e1ros sz\u00e1m\u00e1ra a mindenkori k\u00f6lts\u00e9gvet\u00e9s az egyik legfontosabb. Ez fogalmazza meg a v\u00e1rospolitikai c\u00e9lokhoz rendelt \u00f6sszegeket. Az elfogadott ir\u00e1nyelvek alapj\u00e1n k\u00e9sz\u00fclt el a tervezet. <\/p>\n<p>Bagdi S\u00e1ndorn\u00e9 eln\u00f6k, p\u00e9nz\u00fcgyi bizotts\u00e1g: <\/p>\n<p> Ez \u00e9vben 23 milli\u00e1rd forintos \u00f6sszegben ker\u00fclt megtervez\u00e9sre a k\u00f6lts\u00e9gvet\u00e9s. Ebb\u0151l a 23 milli\u00e1rdb\u00f3l 11,3 milli\u00e1rd fejleszt\u00e9si c\u00e9l\u00fa. Mindenki tudja, l\u00e1tja, \u00e9rt\u00e9keli, hogy a v\u00e1rosban milyen jelleg\u0171 nagy fejleszt\u00e9sek t\u00f6rt\u00e9ntek \u00e9s indulnak majd. Ezek kiterjednek szinte az \u00e9let valamennyi ter\u00fclet\u00e9re. <\/p>\n<p> A fejleszt\u00e9si programok t\u00e1mogat\u00e1sa t\u00f6bbnyire 100%-os, de akad \u00f6ner\u0151s beruh\u00e1z\u00e1s is. A saj\u00e1t forr\u00e1s 2018-ban 800 milli\u00f3 forint lesz. Ezt az \u00f6nkorm\u00e1nyzat biztos\u00edtja. <\/p>\n<p> Bagdi S\u00e1ndorn\u00e9 eln\u00f6k, p\u00e9nz\u00fcgyi bizotts\u00e1g: <\/p>\n<p> Ennek a 800 milli\u00f3 forintnak a nagy r\u00e9sze abb\u00f3l \u00e1ll \u00f6ssze, hogy az el\u0151re megkapott fejleszt\u00e9si \u00f6sszegeket j\u00f3 gazda gondoss\u00e1g\u00e1val let\u00e9tbe helyezte \u00e9s ennek a kamat bev\u00e9telei is n\u00f6velik az \u00f6ner\u0151h\u00f6z rendelt forr\u00e1st. <\/p>\n<p> Valamennyi int\u00e9zm\u00e9ny \u00e9s gazdas\u00e1gi t\u00e1rsas\u00e1g megkapja a k\u00e9rt t\u00e1mogat\u00e1st, amivel 2018-ban kiegyens\u00falyozott lehet a gazd\u00e1lkod\u00e1sa  &#8211;   tette hozz\u00e1 az eln\u00f6k.<\/p>\n<p>A 2014-15-\u00f6s \u00e1llami ad\u00f3ss\u00e1g-\u00e1tv\u00e1llal\u00e1snak k\u00f6sz\u00f6nhet\u0151en Szolnoknak sem kell hitelt felvennie. A saj\u00e1t forr\u00e1s\u00fa bev\u00e9teleket tekintve a helyi ipar\u0171z\u00e9si ad\u00f3 a meghat\u00e1roz\u00f3. Ami 2017-hez k\u00e9pest n\u00e9h\u00e1ny t\u00edzmilli\u00f3 forinttal n\u00f6vekszik is id\u00e9n  &#8211;   der\u00fcl ki a tervezetb\u0151l. A k\u00f6lts\u00e9gvet\u00e9sr\u0151l a cs\u00fct\u00f6rt\u00f6ki k\u00f6zgy\u0171l\u00e9s d\u00f6nt majd. <\/p>\n<div style=\"width: 640px;\" class=\"wp-video\"><!--[if lt IE 9]><script>document.createElement('video');<\/script><![endif]-->\n<video class=\"wp-video-shortcode\" id=\"video-8272-1\" width=\"640\" height=\"360\" preload=\"metadata\" controls=\"controls\"><source type=\"video\/mp4\" src=\"\/spots\/hir\/hir_180219_01.mp4?_=1\" \/><a href=\"\/spots\/hir\/hir_180219_01.mp4\">\/spots\/hir\/hir_180219_01.mp4<\/a><\/video><\/div>\n","protected":false},"excerpt":{"rendered":"<p>Az \u00f6nkorm\u00e1nyzat \u00e9s a v\u00e1ros sz\u00e1m\u00e1ra a mindenkori k\u00f6lts\u00e9gvet\u00e9s az egyik legfontosabb. Ez fogalmazza meg a v\u00e1rospolitikai c\u00e9lokhoz rendelt \u00f6sszegeket. Az elfogadott ir\u00e1nyelvek alapj\u00e1n k\u00e9sz\u00fclt el a tervezet. Bagdi S\u00e1ndorn\u00e9 eln\u00f6k, p\u00e9nz\u00fcgyi bizotts\u00e1g: Ez \u00e9vben 23 milli\u00e1rd forintos \u00f6sszegben ker\u00fclt megtervez\u00e9sre a k\u00f6lts\u00e9gvet\u00e9s. Ebb\u0151l a 23 milli\u00e1rdb\u00f3l 11,3 milli\u00e1rd fejleszt\u00e9si c\u00e9l\u00fa. Mindenki tudja, l\u00e1tja, \u00e9rt\u00e9keli, [&hellip;]<\/p>\n","protected":false},"author":2,"featured_media":0,"comment_status":"closed","ping_status":"closed","sticky":false,"template":"","format":"standard","meta":[],"categories":[9],"tags":[],"_links":{"self":[{"href":"http:\/\/archiv.szolnoktv.hu\/index.php?rest_route=\/wp\/v2\/posts\/8272"}],"collection":[{"href":"http:\/\/archiv.szolnoktv.hu\/index.php?rest_route=\/wp\/v2\/posts"}],"about":[{"href":"http:\/\/archiv.szolnoktv.hu\/index.php?rest_route=\/wp\/v2\/types\/post"}],"author":[{"embeddable":true,"href":"http:\/\/archiv.szolnoktv.hu\/index.php?rest_route=\/wp\/v2\/users\/2"}],"replies":[{"embeddable":true,"href":"http:\/\/archiv.szolnoktv.hu\/index.php?rest_route=%2Fwp%2Fv2%2Fcomments&post=8272"}],"version-history":[{"count":1,"href":"http:\/\/archiv.szolnoktv.hu\/index.php?rest_route=\/wp\/v2\/posts\/8272\/revisions"}],"predecessor-version":[{"id":8323,"href":"http:\/\/archiv.szolnoktv.hu\/index.php?rest_route=\/wp\/v2\/posts\/8272\/revisions\/8323"}],"wp:attachment":[{"href":"http:\/\/archiv.szolnoktv.hu\/index.php?rest_route=%2Fwp%2Fv2%2Fmedia&parent=8272"}],"wp:term":[{"taxonomy":"category","embeddable":true,"href":"http:\/\/archiv.szolnoktv.hu\/index.php?rest_route=%2Fwp%2Fv2%2Fcategories&post=8272"},{"taxonomy":"post_tag","embeddable":true,"href":"http:\/\/archiv.szolnoktv.hu\/index.php?rest_route=%2Fwp%2Fv2%2Ftags&post=8272"}],"curies":[{"name":"wp","href":"https:\/\/api.w.org\/{rel}","templated":true}]}}