{"id":8271,"date":"2018-02-16T18:33:27","date_gmt":"2018-02-16T18:33:27","guid":{"rendered":"http:\/\/archiv.szolnoktv.hu\/?p=8271"},"modified":"2021-08-13T18:56:16","modified_gmt":"2021-08-13T18:56:16","slug":"momentum-sajtotajekoztato","status":"publish","type":"post","link":"http:\/\/archiv.szolnoktv.hu\/?p=8271","title":{"rendered":"Momentum sajt\u00f3t\u00e1j\u00e9koztat\u00f3<br>"},"content":{"rendered":"<div class='booster-block booster-read-block'><\/div><p>Az Eur\u00f3pai Uni\u00f3 Csal\u00e1s Elleni Hivatala ak\u00e1r 13 milli\u00e1rd forintot is visszafizettethet Magyarorsz\u00e1ggal a k\u00f6zvil\u00e1g\u00edt\u00e1s korszer\u0171s\u00edt\u00e9s\u00e9nek csal\u00e1sai miatt. Az \u00fcgy Szolnokot is \u00e9rinti  &#8211;   jelentette ki Szekeres \u00c9va. A Momentum orsz\u00e1ggy\u0171l\u00e9si k\u00e9pvisel\u0151jel\u00f6ltje elmondta: a v\u00e1ros polg\u00e1rmester\u00e9nek felel\u0151ss\u00e9g\u00e9t firtatja mindenki, amit  &#8211;   tette hozz\u00e1  &#8211;   nem vitathat\u00f3, de a k\u00e9pvisel\u0151test\u00fclet felel\u0151ss\u00e9g\u00e9r\u0151l nem esik sz\u00f3. A k\u00f6zgy\u0171l\u00e9s ugyanis egyhang\u00falag megszavazta a k\u00f6zvil\u00e1g\u00edt\u00e1si projekt els\u0151 \u00e9s m\u00e1sodik \u00fctem\u00e9t  &#8211;   folytatta a politikus  &#8211;   de a gombnyom\u00e1ssal le is tudt\u00e1k a felel\u0151ss\u00e9get. Szekeres \u00c9va azt mondta: a v\u00e1ros polg\u00e1rai viszont joggal v\u00e1rj\u00e1k el, hogy a megv\u00e1lasztott k\u00e9pvisel\u0151k d\u00f6nt\u00e9s\u00fck ut\u00e1n figyelj\u00e9k, fel\u00fcgyelj\u00e9k a projektet, ha vissz\u00e1ss\u00e1got tapasztalnak akkor pedig jelezz\u00e9k azt. Mindezeket nem tett\u00e9k m\u00e9g, \u00edgy felel\u0151sek a kialakult helyzet\u00e9rt.<\/p>\n<p>-Sokkal egyszer\u0171bb sz\u00e1mukra ki\u00e1llni egy p\u00e1r perces sajt\u00f3t\u00e1j\u00e9koztat\u00f3ra \u00e9s ezzel letudva a felel\u0151ss\u00e9get. A Momentum hangs\u00falyozza folyamatosan, hogy le kell tudni az elm\u00falt az elm\u00falt 27 \u00e9v hib\u00e1s gyakorlat\u00e1t, hogyha felhatalmaz\u00e1st adnak, akkor annak felel\u0151ss\u00e9ge is van, hogy figyelemmel kell k\u00eds\u00e9rni. A Momentum szerint itt az ideje ezzel lesz\u00e1molni.&#8221;  &#8211;   mondta Szekeres \u00c9va.<\/p>\n<p>Szekeres \u00c9va ez\u00e9rt felsz\u00f3l\u00edtotta a Szalay Ferenc polg\u00e1rmestert \u00e9s a k\u00e9pvisel\u0151test\u00fclet minden tagj\u00e1t a lemond\u00e1sra, mondv\u00e1n mindannyian felel\u0151sek a kialakult helyzet\u00e9rt.<\/p>\n<p>Megkerest\u00fck az \u00f6nkorm\u00e1nyzatot, a k\u00f6zgy\u0171l\u00e9s frakci\u00f3it \u00e9s a frakci\u00f3val nem rendelkez\u0151 k\u00e9pvisel\u0151ket. A v\u00e1ros \u00f6nkorm\u00e1nyzata a k\u00f6vetkez\u0151t reag\u00e1lta: -A Szolnokon a v\u00e1laszt\u00e1s el\u0151tt gyakorlatilag nem l\u00e9tez\u0151 Momentum \u00e1ll\u00edt\u00e1s\u00e1ra is csak meger\u0151s\u00edteni tudja az \u00f6nkorm\u00e1nyzat: hat\u00e1rozottan visszautas\u00edt minden t\u00f6rv\u00e9nytelens\u00e9get \u00e9s csal\u00e1st sejtet\u0151 felt\u00e9telez\u00e9st! A hivatal mindent a magyar t\u00f6rv\u00e9nyeknek \u00e9s szab\u00e1lyoz\u00e1snak megfelel\u0151en, az ir\u00e1ny\u00edt\u00f3 \u00e9s ellen\u0151rz\u0151 hat\u00f3s\u00e1gok folyamatos ellen\u0151rz\u00e9se mellett v\u00e9gzett a k\u00f6zvil\u00e1g\u00edt\u00e1si projektben is.&#8221;<br \/>Dr. Moln\u00e1r Iv\u00e1n a Fidesz-KDNP frakci\u00f3vezet\u0151je azt mondta: a feladat az volt, hogy a k\u00f6zvil\u00e1g\u00edt\u00e1st moderniz\u00e1lj\u00e1k \u00e9s gazdas\u00e1goss\u00e1 tegy\u00e9k. Az \u00faj rendszernek k\u00f6sz\u00f6nhet\u0151en a v\u00e1ros \u00e9ves szinten 60 milli\u00f3 forintot takar\u00edt meg. A politikus elmondta, hogy v\u00e9lem\u00e9nye szerint ez egy a v\u00e1laszt\u00e1sokhoz kapcsol\u00f3d\u00f3 politikai t\u00e1mad\u00e1s. Az \u00f6nkorm\u00e1nyzat \u00e9s a k\u00e9pvisel\u0151test\u00fclet minden t\u00f6rv\u00e9nyt betartott, a k\u00f6zbeszerz\u00e9si elj\u00e1r\u00e1s dokumentumait pedig a jegyz\u0151n\u00e9l meg lehet tekinteni.<\/p>\n<p>A Jobbik k\u00e9pvisel\u0151je Dr. Szotyori L\u00e1z\u00e1r Zolt\u00e1n a k\u00f6vetkez\u0151 reakci\u00f3t juttatta el szerkeszt\u0151s\u00e9g\u00fcnkbe, id\u00e9zem: -A Momentum k\u00e9pvisel\u0151jel\u00f6ltje jobban tenn\u00e9, ha sci-fi reg\u00e9nyek \u00e9s \u00f6sszeesk\u00fcv\u00e9s elm\u00e9letek olvas\u00e1sa helyett ink\u00e1bb Szolnok v\u00e1ros d\u00f6nt\u00e9si \u00e9s hat\u00e1sk\u00f6ri mechanizmusait tanulm\u00e1nyozn\u00e1, valamint id\u0151t ford\u00edtana a k\u00e9pvisel\u0151test\u00fclet munk\u00e1j\u00e1nak megismer\u00e9s\u00e9re. Az ilyesfajta ismeretek alapvet\u0151en seg\u00edten\u00e9nek neki, hogy a j\u00f6v\u0151ben ne mondjon ekkora csacsis\u00e1gokat.&#8221;<br \/>Rad\u00f3cz Zolt\u00e1n MSZP-s k\u00e9pvisel\u0151 a k\u00f6vetkez\u0151t mondta: -Az MSZP tal\u00e1lta meg \u00e9s hozta nyilv\u00e1noss\u00e1gra k\u00f6zvil\u00e1g\u00edt\u00e1si csal\u00e1s \u00fcgy\u00e9t Szolnokon. Mi m\u00e1r tr\u00e1g\u00e1r mondatai\u00e9rt 2016. november\u00e9ben lemond\u00e1sra sz\u00f3l\u00edtottuk fel a polg\u00e1rmestert, most is neki \u00e9s a Fidesz frakci\u00f3 tagjainak kellene el\u0151sz\u00f6r lemondaniuk. Azoknak, akik \u00e9vek \u00f3ta tudtak a piszkos \u00fcgyr\u0151l.&#8221;<\/p>\n<p>Pil\u00e1k Imre \u00fagy fogalmazott: -Ez azok b\u0171ne, akik mindezt kivitelezt\u00e9k. Nem voltam a fejleszt\u00e9s ellen, hiszen a v\u00e1ros \u00e9rdekeit tarTottam szem el\u0151tt. Azt jegyz\u0151k\u00f6nyvek is bizony\u00edtj\u00e1k, hogy \u00e9n kor\u00e1bban agg\u00e1lyomat fejeztem a k\u00f6lts\u00e9gek miatt, de azt nem lehetett meg\u00edt\u00e9lni, hogy t\u00fal van-e \u00e1razva hiszen a projekt m\u0171szaki tartalmat nem l\u00e1tta.&#8221;<br \/>\n<br \/>\n<div style=\"width: 640px;\" class=\"wp-video\"><!--[if lt IE 9]><script>document.createElement('video');<\/script><![endif]-->\n<video class=\"wp-video-shortcode\" id=\"video-8271-1\" width=\"640\" height=\"360\" preload=\"metadata\" controls=\"controls\"><source type=\"video\/mp4\" src=\"\/spots\/hir\/hir_180216_01.mp4?_=1\" \/><a href=\"\/spots\/hir\/hir_180216_01.mp4\">\/spots\/hir\/hir_180216_01.mp4<\/a><\/video><\/div><\/p>\n","protected":false},"excerpt":{"rendered":"<p>Az Eur\u00f3pai Uni\u00f3 Csal\u00e1s Elleni Hivatala ak\u00e1r 13 milli\u00e1rd forintot is visszafizettethet Magyarorsz\u00e1ggal a k\u00f6zvil\u00e1g\u00edt\u00e1s korszer\u0171s\u00edt\u00e9s\u00e9nek csal\u00e1sai miatt. Az \u00fcgy Szolnokot is \u00e9rinti &#8211; jelentette ki Szekeres \u00c9va. A Momentum orsz\u00e1ggy\u0171l\u00e9si k\u00e9pvisel\u0151jel\u00f6ltje elmondta: a v\u00e1ros polg\u00e1rmester\u00e9nek felel\u0151ss\u00e9g\u00e9t firtatja mindenki, amit &#8211; tette hozz\u00e1 &#8211; nem vitathat\u00f3, de a k\u00e9pvisel\u0151test\u00fclet felel\u0151ss\u00e9g\u00e9r\u0151l nem esik sz\u00f3. A k\u00f6zgy\u0171l\u00e9s [&hellip;]<\/p>\n","protected":false},"author":2,"featured_media":0,"comment_status":"closed","ping_status":"closed","sticky":false,"template":"","format":"standard","meta":[],"categories":[9],"tags":[],"_links":{"self":[{"href":"http:\/\/archiv.szolnoktv.hu\/index.php?rest_route=\/wp\/v2\/posts\/8271"}],"collection":[{"href":"http:\/\/archiv.szolnoktv.hu\/index.php?rest_route=\/wp\/v2\/posts"}],"about":[{"href":"http:\/\/archiv.szolnoktv.hu\/index.php?rest_route=\/wp\/v2\/types\/post"}],"author":[{"embeddable":true,"href":"http:\/\/archiv.szolnoktv.hu\/index.php?rest_route=\/wp\/v2\/users\/2"}],"replies":[{"embeddable":true,"href":"http:\/\/archiv.szolnoktv.hu\/index.php?rest_route=%2Fwp%2Fv2%2Fcomments&post=8271"}],"version-history":[{"count":1,"href":"http:\/\/archiv.szolnoktv.hu\/index.php?rest_route=\/wp\/v2\/posts\/8271\/revisions"}],"predecessor-version":[{"id":8324,"href":"http:\/\/archiv.szolnoktv.hu\/index.php?rest_route=\/wp\/v2\/posts\/8271\/revisions\/8324"}],"wp:attachment":[{"href":"http:\/\/archiv.szolnoktv.hu\/index.php?rest_route=%2Fwp%2Fv2%2Fmedia&parent=8271"}],"wp:term":[{"taxonomy":"category","embeddable":true,"href":"http:\/\/archiv.szolnoktv.hu\/index.php?rest_route=%2Fwp%2Fv2%2Fcategories&post=8271"},{"taxonomy":"post_tag","embeddable":true,"href":"http:\/\/archiv.szolnoktv.hu\/index.php?rest_route=%2Fwp%2Fv2%2Ftags&post=8271"}],"curies":[{"name":"wp","href":"https:\/\/api.w.org\/{rel}","templated":true}]}}