{"id":8270,"date":"2018-02-16T18:16:55","date_gmt":"2018-02-16T18:16:55","guid":{"rendered":"http:\/\/archiv.szolnoktv.hu\/?p=8270"},"modified":"2021-08-13T18:56:16","modified_gmt":"2021-08-13T18:56:16","slug":"sportszereket-kaptak-a-deli-hatart-vedo-katonakat","status":"publish","type":"post","link":"http:\/\/archiv.szolnoktv.hu\/?p=8270","title":{"rendered":"Sportszereket kaptak a d\u00e9li hat\u00e1rt v\u00e9d\u0151 katon\u00e1kat<br>"},"content":{"rendered":"<div class='booster-block booster-read-block'><\/div><p>Sportszereket vett \u00e1t M\u00e9lyk\u00faton Csillak Roland alezredes Szalay Ferenct\u0151l. A s\u00falyz\u00f3kat,  kettlebelleket, ugr\u00e1l\u00f3k\u00f6teleket \u00e9s bord\u00e1sfalakat az a mintegy 200 szolnoki katona haszn\u00e1lja majd, akik a d\u00e9li hat\u00e1rz\u00e1r v\u00e9delm\u00e9t l\u00e1tj\u00e1k el.<\/p>\n<p>-A katon\u00e1k kiemelked\u0151 pszichikai \u00e9s fizikai terhel\u00e9snek vannak kit\u00e9ve \u00e9s \u00fagy gondolom, hogy minden katona sz\u00e1m\u00e1ra korra, nemre, rendfokozatra val\u00f3 tekintet n\u00e9lk\u00fcl fontos kell, hogy legyen a fizikai \u00e1llapoit megtart\u00e1sa \u00e9ppen ez\u00e9rt a katon\u00e1k szeretik a pihen\u0151id\u0151t \u00e9s akt\u00edvan, sporttal olvas\u00e1ssal elt\u00f6lteni \u00e9s \u00e9ppen ez\u00e9rt \u00fagy gondolom, hogy kiemelked\u0151 fontoss\u00e1g\u00fa \u00e9s jelent\u0151s\u00e9g\u0171 volt a ma \u00e1tvett adom\u00e1ny.&#8221; &#8211; mondta  Csillak Roland alezredes<br \/>A honv\u00e9dek 12 \u00f3r\u00e1s szolg\u00e1latot teljes\u00edtenek, majd 24 \u00f3r\u00e1t pihennek.<\/p>\n<p> A m\u00e9lyk\u00fati sz\u00e1ll\u00e1shelyen febru\u00e1r eleje \u00f3ta m\u00e1r csak szolnoki katon\u00e1k laknak, emellett m\u00e9g Baj\u00e1n \u00e9s H\u00f3dmez\u0151v\u00e1s\u00e1rhelyen teljes\u00edtenek szolg\u00e1latot a megyesz\u00e9khely katon\u00e1i. Az elm\u00falt \u00e9vekben jelent\u0151sen javultak az \u00e9letk\u00f6r\u00fclm\u00e9nyeik, a t\u00f6bbi k\u00f6z\u00f6tt mos\u00f3- \u00e9s sz\u00e1r\u00edt\u00f3g\u00e9p, teakonyha, \u00e9s rekre\u00e1ci\u00f3s szoba is a rendelkez\u00e9s\u00fckre \u00e1ll. A katon\u00e1k \u00e1ltal\u00e1ban 1-2 hetes turnusokban v\u00e1ltj\u00e1k egym\u00e1st, de nem sz\u00e1m\u00edt ritk\u00e1nak a 3 hetes szolg\u00e1lat sem.<\/p>\n<p>Szalay Ferenc polg\u00e1rmester r\u00e1mutatott: -Innen olyan felk\u00e9sz\u00fclt katon\u00e1kat tudunk a d\u00e9li hat\u00e1rra vez\u00e9nyelni, akik a legmagasabb szinten tudj\u00e1k ell\u00e1tni a feladatukat, nyilv\u00e1n a t\u00f6bbiek is, de azt gondolom, hogy a szolnokiak k\u00fcl\u00f6n\u00f6sen.  \u00c9s miut\u00e1n mi nem vagyunk, nem voltunk \u00e9rintettek, m\u00e9g ink\u00e1bb ki kell venn\u00fcnk a r\u00e9sz\u00fcnket abb\u00f3l, ami egy\u00e9bk\u00e9nt a d\u00e9li hat\u00e1r ment\u00e9n kialakult \u00e9s a d\u00e9li hat\u00e1r menti telep\u00fcl\u00e9sek \u00e1t\u00e9ltek. Azt gondolom, hogy szolidarit\u00e1s ez is, hogy seg\u00edt\u00fcnk azokon, olyan r\u00e9szeir\u0151l is az orsz\u00e1gnak, ahol egy\u00e9bk\u00e9nt nem \u00e9rezt\u00fck a probl\u00e9m\u00e1t.&#8221;<\/p>\n<div style=\"width: 640px;\" class=\"wp-video\"><!--[if lt IE 9]><script>document.createElement('video');<\/script><![endif]-->\n<video class=\"wp-video-shortcode\" id=\"video-8270-1\" width=\"640\" height=\"360\" preload=\"metadata\" controls=\"controls\"><source type=\"video\/mp4\" src=\"\/spots\/hir\/hir_180216_06.mp4?_=1\" \/><a href=\"\/spots\/hir\/hir_180216_06.mp4\">\/spots\/hir\/hir_180216_06.mp4<\/a><\/video><\/div>\n","protected":false},"excerpt":{"rendered":"<p>Sportszereket vett \u00e1t M\u00e9lyk\u00faton Csillak Roland alezredes Szalay Ferenct\u0151l. A s\u00falyz\u00f3kat, kettlebelleket, ugr\u00e1l\u00f3k\u00f6teleket \u00e9s bord\u00e1sfalakat az a mintegy 200 szolnoki katona haszn\u00e1lja majd, akik a d\u00e9li hat\u00e1rz\u00e1r v\u00e9delm\u00e9t l\u00e1tj\u00e1k el. -A katon\u00e1k kiemelked\u0151 pszichikai \u00e9s fizikai terhel\u00e9snek vannak kit\u00e9ve \u00e9s \u00fagy gondolom, hogy minden katona sz\u00e1m\u00e1ra korra, nemre, rendfokozatra val\u00f3 tekintet n\u00e9lk\u00fcl fontos kell, hogy [&hellip;]<\/p>\n","protected":false},"author":2,"featured_media":0,"comment_status":"closed","ping_status":"closed","sticky":false,"template":"","format":"standard","meta":[],"categories":[9],"tags":[],"_links":{"self":[{"href":"http:\/\/archiv.szolnoktv.hu\/index.php?rest_route=\/wp\/v2\/posts\/8270"}],"collection":[{"href":"http:\/\/archiv.szolnoktv.hu\/index.php?rest_route=\/wp\/v2\/posts"}],"about":[{"href":"http:\/\/archiv.szolnoktv.hu\/index.php?rest_route=\/wp\/v2\/types\/post"}],"author":[{"embeddable":true,"href":"http:\/\/archiv.szolnoktv.hu\/index.php?rest_route=\/wp\/v2\/users\/2"}],"replies":[{"embeddable":true,"href":"http:\/\/archiv.szolnoktv.hu\/index.php?rest_route=%2Fwp%2Fv2%2Fcomments&post=8270"}],"version-history":[{"count":1,"href":"http:\/\/archiv.szolnoktv.hu\/index.php?rest_route=\/wp\/v2\/posts\/8270\/revisions"}],"predecessor-version":[{"id":8325,"href":"http:\/\/archiv.szolnoktv.hu\/index.php?rest_route=\/wp\/v2\/posts\/8270\/revisions\/8325"}],"wp:attachment":[{"href":"http:\/\/archiv.szolnoktv.hu\/index.php?rest_route=%2Fwp%2Fv2%2Fmedia&parent=8270"}],"wp:term":[{"taxonomy":"category","embeddable":true,"href":"http:\/\/archiv.szolnoktv.hu\/index.php?rest_route=%2Fwp%2Fv2%2Fcategories&post=8270"},{"taxonomy":"post_tag","embeddable":true,"href":"http:\/\/archiv.szolnoktv.hu\/index.php?rest_route=%2Fwp%2Fv2%2Ftags&post=8270"}],"curies":[{"name":"wp","href":"https:\/\/api.w.org\/{rel}","templated":true}]}}