{"id":8269,"date":"2018-02-16T17:53:29","date_gmt":"2018-02-16T17:53:29","guid":{"rendered":"http:\/\/archiv.szolnoktv.hu\/?p=8269"},"modified":"2021-08-13T18:56:16","modified_gmt":"2021-08-13T18:56:16","slug":"farsang-a-derus-orakon","status":"publish","type":"post","link":"http:\/\/archiv.szolnoktv.hu\/?p=8269","title":{"rendered":"Farsang a Der\u0171s \u00d3r\u00e1kon<br>"},"content":{"rendered":"<div class='booster-block booster-read-block'><\/div><p>R\u00e1\u00e9r\u0151sen cammog a medve  a Der\u0171s \u00d3r\u00e1k rendezv\u00e9nyen, ez a h\u00f6lgy pedig Egyiptomb\u00f3l \u00e9rkezett , ruh\u00e1j\u00e1t saj\u00e1t maga varrta.8450 De \u00e9rkeztek Kalocsai viseletben is sz\u00e9pkor\u00faak, a legb\u00e1trabbak pedig cig\u00e1nyt\u00e1ncot lejtettek, \u00e9s nem maradhatott ki a farsangr\u00f3l a  boh\u00f3c sem.  <\/p>\n<p>De\u00e1k  J\u00e1nosn\u00e9 eln\u00f6k,  Szolnok V\u00e1rosi Klubok \u00e9s Nyugd\u00edjasok \u00c9rdekv\u00e9delmi \u00e9s Kultur\u00e1lis Egyes\u00fclete: <\/p>\n<p>-&#8220;Minden \u00e9vben az \u00e9vet a Der\u0171s \u00d3r\u00e1k farsanggal szoktuk kezdeni . F\u00f6l\u00f6lt\u00f6znek a nyugd\u00edjasok jelmezbe, k\u00e9sz\u00fcl\u0151dnek. A jelmezeket sajt maguk k\u00e9sz\u00edtik \u00e9s nagyon \u00f6tletes szokott lenni. Egy\u00e9bk\u00e9nt pedig ezen k\u00edv\u00fcli Der\u0171s \u00d3r\u00e1kat \u00e9vente h\u00e1rmat tartunk az ANAKK seg\u00edts\u00e9g\u00e9vel. &#8211;<\/p>\n<p> 21 nyugd\u00edjas klub tatozik az egyes\u00fclethez, 14 klub k\u00e9pviseltette mag\u00e1t a rendezv\u00e9nyen. A sz\u00e9pkor\u00faak megvend\u00e9gelt\u00e9k egym\u00e1st \u00e9s produkci\u00f3kkal is bemutatkoztak.  A l\u00e9nyeg a k\u00f6z\u00f6sen, kiv\u00e1l\u00f3 hangulatban elt\u00f6lt\u00f6tt id\u0151 volt.  <\/p>\n<div style=\"width: 640px;\" class=\"wp-video\"><!--[if lt IE 9]><script>document.createElement('video');<\/script><![endif]-->\n<video class=\"wp-video-shortcode\" id=\"video-8269-1\" width=\"640\" height=\"360\" preload=\"metadata\" controls=\"controls\"><source type=\"video\/mp4\" src=\"\/spots\/hir\/hir_180216_05.mp4?_=1\" \/><a href=\"\/spots\/hir\/hir_180216_05.mp4\">\/spots\/hir\/hir_180216_05.mp4<\/a><\/video><\/div>\n","protected":false},"excerpt":{"rendered":"<p>R\u00e1\u00e9r\u0151sen cammog a medve a Der\u0171s \u00d3r\u00e1k rendezv\u00e9nyen, ez a h\u00f6lgy pedig Egyiptomb\u00f3l \u00e9rkezett , ruh\u00e1j\u00e1t saj\u00e1t maga varrta.8450 De \u00e9rkeztek Kalocsai viseletben is sz\u00e9pkor\u00faak, a legb\u00e1trabbak pedig cig\u00e1nyt\u00e1ncot lejtettek, \u00e9s nem maradhatott ki a farsangr\u00f3l a boh\u00f3c sem. De\u00e1k J\u00e1nosn\u00e9 eln\u00f6k, Szolnok V\u00e1rosi Klubok \u00e9s Nyugd\u00edjasok \u00c9rdekv\u00e9delmi \u00e9s Kultur\u00e1lis Egyes\u00fclete: -&#8220;Minden \u00e9vben az \u00e9vet [&hellip;]<\/p>\n","protected":false},"author":2,"featured_media":0,"comment_status":"closed","ping_status":"closed","sticky":false,"template":"","format":"standard","meta":[],"categories":[9],"tags":[],"_links":{"self":[{"href":"http:\/\/archiv.szolnoktv.hu\/index.php?rest_route=\/wp\/v2\/posts\/8269"}],"collection":[{"href":"http:\/\/archiv.szolnoktv.hu\/index.php?rest_route=\/wp\/v2\/posts"}],"about":[{"href":"http:\/\/archiv.szolnoktv.hu\/index.php?rest_route=\/wp\/v2\/types\/post"}],"author":[{"embeddable":true,"href":"http:\/\/archiv.szolnoktv.hu\/index.php?rest_route=\/wp\/v2\/users\/2"}],"replies":[{"embeddable":true,"href":"http:\/\/archiv.szolnoktv.hu\/index.php?rest_route=%2Fwp%2Fv2%2Fcomments&post=8269"}],"version-history":[{"count":1,"href":"http:\/\/archiv.szolnoktv.hu\/index.php?rest_route=\/wp\/v2\/posts\/8269\/revisions"}],"predecessor-version":[{"id":8326,"href":"http:\/\/archiv.szolnoktv.hu\/index.php?rest_route=\/wp\/v2\/posts\/8269\/revisions\/8326"}],"wp:attachment":[{"href":"http:\/\/archiv.szolnoktv.hu\/index.php?rest_route=%2Fwp%2Fv2%2Fmedia&parent=8269"}],"wp:term":[{"taxonomy":"category","embeddable":true,"href":"http:\/\/archiv.szolnoktv.hu\/index.php?rest_route=%2Fwp%2Fv2%2Fcategories&post=8269"},{"taxonomy":"post_tag","embeddable":true,"href":"http:\/\/archiv.szolnoktv.hu\/index.php?rest_route=%2Fwp%2Fv2%2Ftags&post=8269"}],"curies":[{"name":"wp","href":"https:\/\/api.w.org\/{rel}","templated":true}]}}