{"id":8238,"date":"2018-02-16T16:05:30","date_gmt":"2018-02-16T16:05:30","guid":{"rendered":"http:\/\/archiv.szolnoktv.hu\/?p=8238"},"modified":"2021-08-13T18:36:26","modified_gmt":"2021-08-13T18:36:26","slug":"megyei-kozgyules-4","status":"publish","type":"post","link":"http:\/\/archiv.szolnoktv.hu\/?p=8238","title":{"rendered":"Megyei k\u00f6zgy\u0171l\u00e9s"},"content":{"rendered":"<div class='booster-block booster-read-block'><\/div><p>J\u00e1szber\u00e9ny, Kunszentm\u00e1rton \u00e9s Karcag ut\u00e1n ez\u00fattal J\u00e1szap\u00e1tit \u00e9rte a megtiszteltet\u00e9s, hogy otthont adhatott a megyei k\u00f6zgy\u0171l\u00e9s \u00fcl\u00e9s\u00e9nek. A r\u00e9sztvev\u0151ket a v\u00e1ros polg\u00e1rmestere Farkas Ferenc k\u00f6sz\u00f6nt\u00f6tte. Az \u00fcl\u00e9s kiemelt napirendi pontja J\u00e1szber\u00e9ny megyei jog\u00fa v\u00e1ross\u00e1 min\u0151s\u00edt\u00e9se volt. <\/p>\n<p>&#8220;J\u00e1szber\u00e9ny \u00e9s a J\u00e1szs\u00e1g k\u00f6z\u00f6ss\u00e9g\u00e9nek az a c\u00e9lja, hogy egy nagyot l\u00e9pjen el\u0151re. Nagyot mer \u00e1lmodni \u00e9s ez\u00e9rt tesz is, \u00e9n azt gondolom, hogy nek\u00fcnk a megy\u00e9ben \u00e9l\u0151knek t\u00e1mogatni kell ezt.&#8221;- mondta Kov\u00e1cs S\u00e1ndor a k\u00f6zgy\u0171l\u00e9s eln\u00f6ke.<\/p>\n<p>A Jobbik frakci\u00f3 ugyan t\u00e1mogatta az el\u0151terjeszt\u00e9st, \u00e1m feltette a k\u00e9rd\u00e9st: &#8220;Vajon nem lesz- e baj&#8221; a d\u00f6nt\u00e9sb\u0151l? V\u00e1lasz\u00e1ban Cso\u00f3r Gy\u00f6rgy a k\u00f6zgy\u0171l\u00e9s aleln\u00f6ke \u00edgy fogalmazott:<\/p>\n<p>&#8220;Hat\u00e1rozott &#8220;Nem&#8221;- mel v\u00e1laszolok, teh\u00e1t nem lesz baj. Szolnok Megyei Jog\u00fa V\u00e1ros aki ezt a rangj\u00e1t m\u00e1r \u00e9vtizedek \u00f3ta gyakorolja egy\u00e9rtelm\u0171en kijelentette, hogy t\u00e1mogatja J\u00e1szber\u00e9ny t\u00f6rekv\u00e9s\u00e9t.&#8221;<\/p>\n<p>A megye ipari termel\u00e9s\u00e9nek 45%- \u00e1t ad\u00f3 J\u00e1szs\u00e1g f\u0151v\u00e1ros\u00e1nak sz\u00e1m\u00edt\u00f3 J\u00e1szber\u00e9ny polg\u00e1rmestere- Dr. Szab\u00f3 Tam\u00e1s is v\u00e1laszolt a feltett k\u00e9rd\u00e9sre.<\/p>\n<p>&#8220;Szolnok a megyesz\u00e9khely, Szolnok lesz a megyesz\u00e9khely.&#8221;<\/p>\n<p>A k\u00e9pvisel\u0151k a hat\u00e1rozati javaslatot 16 &#8220;igen&#8221;- nel egyhang\u00falag megszavazt\u00e1k. A tov\u00e1bbiakban orsz\u00e1ggy\u0171l\u00e9si d\u00f6nt\u00e9sre v\u00e1rnak az \u00e9rintettek&#8230;. A k\u00f6zgy\u0171l\u00e9s elfogadta a megy\u00e9ben megval\u00f3sul\u00f3 v\u00edz\u00fcgyi beruh\u00e1z\u00e1sokr\u00f3l sz\u00f3l\u00f3 t\u00e1j\u00e9koztat\u00f3t is. A K\u00d6TIVIZIG igazgat\u00f3ja elmondta- 18 projektben \u00e9rintett az igazgat\u00f3s\u00e1g, melyek k\u00f6z\u00fcl a legnagyobb a Kisk\u00f6rei V\u00edzl\u00e9pcs\u0151 rekonstrukci\u00f3ja, valamint a Kisk\u00f6re- Szolnok k\u00f6z\u00f6tti hull\u00e1mt\u00e9r rehabilit\u00e1ci\u00f3ja. Lovas Attila ezen k\u00edv\u00fcl m\u00e9gegy fontos projektr\u0151l is besz\u00e1molt.<\/p>\n<p>&#8220;Ugyan \u00e9rt\u00e9k\u00e9ben kicsi, de jelent\u0151s\u00e9g\u00e9ben egy nagyon fontos projektelemnek tartom az \u00e1rv\u00edzv\u00e9delmi gyakorl\u00f3p\u00e1lya megval\u00f3s\u00edt\u00e1s\u00e1t. Ez Szolnok f\u00f6l\u00f6tt a Mill\u00e9ren fog meg\u00e9p\u00fclni. Ilyen nincs az orsz\u00e1gban \u00e9s tudom\u00e1som szerint Eur\u00f3p\u00e1ban sem.&#8221;<\/p>\n<p> A test\u00fclet kihelyezett \u00fcl\u00e9s\u00e9n a k\u00e9pvisel\u0151k egyebek mellett szavaztak m\u00e9g a megyei kl\u00edmastrat\u00e9gi\u00e1r\u00f3l, a bev\u00e1ndorl\u00e1s- szervez\u0151 irod\u00e1k elleni fell\u00e9p\u00e9sr\u0151l, illetve a term\u00e9szet Operah\u00e1za Tisza- tavi Fesztiv\u00e1l szervez\u0151ivel val\u00f3 egy\u00fcttm\u0171k\u00f6d\u00e9sr\u0151l is.  <\/p>\n<div style=\"width: 640px;\" class=\"wp-video\"><!--[if lt IE 9]><script>document.createElement('video');<\/script><![endif]-->\n<video class=\"wp-video-shortcode\" id=\"video-8238-1\" width=\"640\" height=\"360\" preload=\"metadata\" controls=\"controls\"><source type=\"video\/mp4\" src=\"\/spots\/hir\/hir_180216_04.mp4?_=1\" \/><a href=\"\/spots\/hir\/hir_180216_04.mp4\">\/spots\/hir\/hir_180216_04.mp4<\/a><\/video><\/div>\n","protected":false},"excerpt":{"rendered":"<p>J\u00e1szber\u00e9ny, Kunszentm\u00e1rton \u00e9s Karcag ut\u00e1n ez\u00fattal J\u00e1szap\u00e1tit \u00e9rte a megtiszteltet\u00e9s, hogy otthont adhatott a megyei k\u00f6zgy\u0171l\u00e9s \u00fcl\u00e9s\u00e9nek. A r\u00e9sztvev\u0151ket a v\u00e1ros polg\u00e1rmestere Farkas Ferenc k\u00f6sz\u00f6nt\u00f6tte. Az \u00fcl\u00e9s kiemelt napirendi pontja J\u00e1szber\u00e9ny megyei jog\u00fa v\u00e1ross\u00e1 min\u0151s\u00edt\u00e9se volt. &#8220;J\u00e1szber\u00e9ny \u00e9s a J\u00e1szs\u00e1g k\u00f6z\u00f6ss\u00e9g\u00e9nek az a c\u00e9lja, hogy egy nagyot l\u00e9pjen el\u0151re. Nagyot mer \u00e1lmodni \u00e9s ez\u00e9rt tesz [&hellip;]<\/p>\n","protected":false},"author":2,"featured_media":0,"comment_status":"closed","ping_status":"closed","sticky":false,"template":"","format":"standard","meta":[],"categories":[9],"tags":[],"_links":{"self":[{"href":"http:\/\/archiv.szolnoktv.hu\/index.php?rest_route=\/wp\/v2\/posts\/8238"}],"collection":[{"href":"http:\/\/archiv.szolnoktv.hu\/index.php?rest_route=\/wp\/v2\/posts"}],"about":[{"href":"http:\/\/archiv.szolnoktv.hu\/index.php?rest_route=\/wp\/v2\/types\/post"}],"author":[{"embeddable":true,"href":"http:\/\/archiv.szolnoktv.hu\/index.php?rest_route=\/wp\/v2\/users\/2"}],"replies":[{"embeddable":true,"href":"http:\/\/archiv.szolnoktv.hu\/index.php?rest_route=%2Fwp%2Fv2%2Fcomments&post=8238"}],"version-history":[{"count":1,"href":"http:\/\/archiv.szolnoktv.hu\/index.php?rest_route=\/wp\/v2\/posts\/8238\/revisions"}],"predecessor-version":[{"id":8239,"href":"http:\/\/archiv.szolnoktv.hu\/index.php?rest_route=\/wp\/v2\/posts\/8238\/revisions\/8239"}],"wp:attachment":[{"href":"http:\/\/archiv.szolnoktv.hu\/index.php?rest_route=%2Fwp%2Fv2%2Fmedia&parent=8238"}],"wp:term":[{"taxonomy":"category","embeddable":true,"href":"http:\/\/archiv.szolnoktv.hu\/index.php?rest_route=%2Fwp%2Fv2%2Fcategories&post=8238"},{"taxonomy":"post_tag","embeddable":true,"href":"http:\/\/archiv.szolnoktv.hu\/index.php?rest_route=%2Fwp%2Fv2%2Ftags&post=8238"}],"curies":[{"name":"wp","href":"https:\/\/api.w.org\/{rel}","templated":true}]}}