{"id":8237,"date":"2018-02-16T16:01:29","date_gmt":"2018-02-16T16:01:29","guid":{"rendered":"http:\/\/archiv.szolnoktv.hu\/?p=8237"},"modified":"2021-08-13T18:36:26","modified_gmt":"2021-08-13T18:36:26","slug":"diplomaoszto-a-campuson","status":"publish","type":"post","link":"http:\/\/archiv.szolnoktv.hu\/?p=8237","title":{"rendered":"Diplomaoszt\u00f3 a Campuson"},"content":{"rendered":"<div class='booster-block booster-read-block'><\/div><p> A z\u00e1szl\u00f3k \u00e9s az eln\u00f6ks\u00e9g bevonul\u00e1sa  nyitotta meg ez\u00fattal is a Neumann J\u00e1nos  Egyetem Diploma\u00e1tad\u00f3 \u00fcnneps\u00e9g\u00e9t a szolnoki campuson. A szolnoki Gazd\u00e1lkod\u00e1si Karon 98 hallgat\u00f3, a Kert\u00e9szeti \u00e9s Vid\u00e9kfejleszt\u00e9si karon 28,  a GAMF M\u0171szaki \u00e9s Informatikai Karon pedig 9 v\u00e9gz\u0151s vihette ma haza diplom\u00e1j\u00e1t. Az int\u00e9zm\u00e9ny rektora besz\u00e9d\u00e9ben kiemelte az egy\u00e9ni \u00e9letutakban m\u00e9rf\u00f6ldk\u0151nek sz\u00e1m\u00edt\u00f3 esem\u00e9ny jelent\u0151s\u00e9g\u00e9t. <\/p>\n<p>  Dr. Ailer Piroska a Neumann J\u00e1nos  Egyetem rektora: <\/p>\n<p>-&#8221; A munkaer\u0151-piaci visszajelz\u00e9sek, a diplom\u00e1s p\u00e1lyak\u00f6vet\u00e9s adatai egy\u00e9rtelm\u0171en azt igazolj\u00e1k, hogy az egyetem\u00fcnk karain megszerzett szaktud\u00e1s nemcsak piack\u00e9pes \u00e9s keresett, hanem megbecs\u00fclt \u00e9s az \u00e1tlagosn\u00e1l magasabb j\u00f6vedelem megszerz\u00e9s\u00e9t is lehet\u0151v\u00e9 teszi. &#8211;<\/p>\n<p>A diploma azonban csup\u00e1n egy \u00fatlev\u00e9l , egy lehet\u0151s\u00e9g az \u00e9lethez. A legnehezebb feladattal : a munkakeres\u00e9ssel m\u00e9g ezut\u00e1n kell megbirk\u00f3zniuk.<\/p>\n<p>Nyers Alexandra<\/p>\n<p>-&#8220;Turizmus vend\u00e9gl\u00e1t\u00e1s szakon v\u00e9geztem, sz\u00e1lloda menedzsment specializ\u00e1ci\u00f3n  \u00e9s m\u00e9g egyel\u0151re nem tudom, hogy hova szeretn\u00e9k tov\u00e1bb. &#8211;<\/p>\n<p>Akad aki m\u00e1r tal\u00e1lt munkahelyet \u00e9s dolgoz\u00f3 emberk\u00e9nt j\u00e1rt f\u0151iskol\u00e1ra. <\/p>\n<p> Matetics D\u00e1niel: <\/p>\n<p>-&#8220;El lehet helyezkedni, az iskolai  oktat\u00e1st nagyon  sz\u00ednvonalasnak tartottam, nagyon sokat tanultam, nagyon tetszett, sokkal jobban kisz\u00e9lesedett a l\u00e1t\u00f3k\u00f6r\u00f6m.&#8221;<\/p>\n<p>K\u00f6sz\u00f6nt\u0151j\u00e9ben Szolnok alpolg\u00e1rmestere hangs\u00falyozta a kapcsolatrendszer jelent\u0151s\u00e9g\u00e9t, de besz\u00e9lt a  csal\u00e1dr\u00f3l, az eg\u00e9szs\u00e9gr\u0151l, a szorgalomr\u00f3l \u00e9s a tehets\u00e9gr\u0151l is. <\/p>\n<p> Szab\u00f3 Istv\u00e1n alpolg\u00e1rmester: <\/p>\n<p>-&#8220;Nyilv\u00e1n aki megk\u00fczd\u00f6tt az elm\u00falt 15 \u00e9v kih\u00edv\u00e1saival  az rendelkezik azzal a tehets\u00e9ggel ami sz\u00fcks\u00e9ges ahhoz, hogy egzisztenci\u00e1t teremtsen mag\u00e1nak. &#8211;<\/p>\n<p>Az esem\u00e9ny a hagyom\u00e1nyokhoz h\u0171en ez\u00fattal is a tal\u00e1rkalapok feldob\u00e1s\u00e1val \u00e9rt  v\u00e9get.<\/p>\n<div style=\"width: 640px;\" class=\"wp-video\"><!--[if lt IE 9]><script>document.createElement('video');<\/script><![endif]-->\n<video class=\"wp-video-shortcode\" id=\"video-8237-1\" width=\"640\" height=\"360\" preload=\"metadata\" controls=\"controls\"><source type=\"video\/mp4\" src=\"\/spots\/hir\/hir_180216_03.mp4?_=1\" \/><a href=\"\/spots\/hir\/hir_180216_03.mp4\">\/spots\/hir\/hir_180216_03.mp4<\/a><\/video><\/div>\n","protected":false},"excerpt":{"rendered":"<p>A z\u00e1szl\u00f3k \u00e9s az eln\u00f6ks\u00e9g bevonul\u00e1sa nyitotta meg ez\u00fattal is a Neumann J\u00e1nos Egyetem Diploma\u00e1tad\u00f3 \u00fcnneps\u00e9g\u00e9t a szolnoki campuson. A szolnoki Gazd\u00e1lkod\u00e1si Karon 98 hallgat\u00f3, a Kert\u00e9szeti \u00e9s Vid\u00e9kfejleszt\u00e9si karon 28, a GAMF M\u0171szaki \u00e9s Informatikai Karon pedig 9 v\u00e9gz\u0151s vihette ma haza diplom\u00e1j\u00e1t. Az int\u00e9zm\u00e9ny rektora besz\u00e9d\u00e9ben kiemelte az egy\u00e9ni \u00e9letutakban m\u00e9rf\u00f6ldk\u0151nek sz\u00e1m\u00edt\u00f3 esem\u00e9ny [&hellip;]<\/p>\n","protected":false},"author":2,"featured_media":0,"comment_status":"closed","ping_status":"closed","sticky":false,"template":"","format":"standard","meta":[],"categories":[9],"tags":[],"_links":{"self":[{"href":"http:\/\/archiv.szolnoktv.hu\/index.php?rest_route=\/wp\/v2\/posts\/8237"}],"collection":[{"href":"http:\/\/archiv.szolnoktv.hu\/index.php?rest_route=\/wp\/v2\/posts"}],"about":[{"href":"http:\/\/archiv.szolnoktv.hu\/index.php?rest_route=\/wp\/v2\/types\/post"}],"author":[{"embeddable":true,"href":"http:\/\/archiv.szolnoktv.hu\/index.php?rest_route=\/wp\/v2\/users\/2"}],"replies":[{"embeddable":true,"href":"http:\/\/archiv.szolnoktv.hu\/index.php?rest_route=%2Fwp%2Fv2%2Fcomments&post=8237"}],"version-history":[{"count":1,"href":"http:\/\/archiv.szolnoktv.hu\/index.php?rest_route=\/wp\/v2\/posts\/8237\/revisions"}],"predecessor-version":[{"id":8240,"href":"http:\/\/archiv.szolnoktv.hu\/index.php?rest_route=\/wp\/v2\/posts\/8237\/revisions\/8240"}],"wp:attachment":[{"href":"http:\/\/archiv.szolnoktv.hu\/index.php?rest_route=%2Fwp%2Fv2%2Fmedia&parent=8237"}],"wp:term":[{"taxonomy":"category","embeddable":true,"href":"http:\/\/archiv.szolnoktv.hu\/index.php?rest_route=%2Fwp%2Fv2%2Fcategories&post=8237"},{"taxonomy":"post_tag","embeddable":true,"href":"http:\/\/archiv.szolnoktv.hu\/index.php?rest_route=%2Fwp%2Fv2%2Ftags&post=8237"}],"curies":[{"name":"wp","href":"https:\/\/api.w.org\/{rel}","templated":true}]}}