{"id":8236,"date":"2018-02-16T15:44:34","date_gmt":"2018-02-16T15:44:34","guid":{"rendered":"http:\/\/archiv.szolnoktv.hu\/?p=8236"},"modified":"2021-08-13T18:36:26","modified_gmt":"2021-08-13T18:36:26","slug":"jatek-muzeum-es-auto-makett-kiallitas","status":"publish","type":"post","link":"http:\/\/archiv.szolnoktv.hu\/?p=8236","title":{"rendered":"J\u00e1t\u00e9k M\u00fazeum \u00e9s aut\u00f3 makett ki\u00e1ll\u00edt\u00e1s"},"content":{"rendered":"<div class='booster-block booster-read-block'><\/div><p>Csillog\u00f3 szemekkel n\u00e9zt\u00e9k a soha nem l\u00e1tott j\u00e1t\u00e9kokat a kis \u00f3vod\u00e1sok, amikkel egykor m\u00e9g a d\u00e9dnagymam\u00e1ik j\u00e1tszottak. R\u00e9gi k\u00f6nyvek, babab\u00fatorok, moncsicsi \u00e9s tiki-taki. Ut\u00f3bbiakb\u00f3l m\u00e9g sl\u00e1ger is sz\u00fcletett, amit a 80-as \u00e9vekben sokan d\u00fadoltak. A ki\u00e1ll\u00edt\u00e1s a kicsiknek \u00e9s nagyoknak egyar\u00e1nt felkelti az \u00e9rdekl\u0151d\u00e9s\u00e9t.<\/p>\n<p>-C\u00e9lom legink\u00e1bb a gyerekek, im\u00e1dom az unok\u00e1imat, kicsik, szeretnek j\u00e1tszani, nagyon kev\u00e9s hely van ahol lehet j\u00e1tszani \u00e9s ez a ki\u00e1ll\u00edt\u00e1s azon k\u00edv\u00fcl hogy nagyon sz\u00e9p, gy\u00f6ny\u00f6r\u0171, r\u00e9gi j\u00e1t\u00e9kokat lehet l\u00e1tni, n\u00e9pi j\u00e1t\u00e9kokkal j\u00e1tszani is lehet.&#8221; &#8211; mondta P\u00e9ter M\u00e1ria, a m\u00fazeum tulajdonosa.<\/p>\n<p>Unok\u00e1i ir\u00e1nti lelkesed\u00e9se vezette ki\u00e1ll\u00edt\u00e1sa t\u00e1rgyainak gy\u0171jt\u00e9s\u00e9hez. A t\u00f6rt\u00e9net egy \u00f6reg h\u00e1z padl\u00e1s\u00e1n kezd\u0151d\u00f6tt, ahol r\u00e1tal\u00e1lt egy r\u00e9gi babakocsira-mes\u00e9lte P\u00e9ter M\u00e1ria. Leny\u0171g\u00f6zt\u00e9k \u0151t a r\u00e9gi j\u00e1t\u00e9kok.<\/p>\n<p>Az egyiket k\u00f6zelebbr\u0151l megmutatta.<\/p>\n<p>,,Van ez a nagyon r\u00e9gi f\u0171r\u00e9szel\u0151s j\u00e1t\u00e9k. L\u00e9nyege, hogy ennek a karnak a seg\u00edts\u00e9g\u00e9vel mozgatni lehetett a man\u00f3knak a karj\u00e1t \u00e9s erre a kis t\u0151k\u00e9re a fejsz\u00e9vel r\u00e1v\u00e1gtak.&#8221;<\/p>\n<p>Ma m\u00e1r m\u0171anyag, r\u00e9gen a sz\u00fcl\u0151k \u00e1ltal k\u00e9zzel k\u00e9sz\u00fclt fa \u00e9s \u00f6nt\u00f6tt vas j\u00e1t\u00e9kokkal j\u00e1tszottak a gyerekek. Nem f\u00e9nyesek \u00e9s nem olyan sz\u00ednesek, m\u00e9g csak nem is mozognak magukt\u00f3l, de m\u00e9g ma is elvar\u00e1zsolj\u00e1k a l\u00e1togat\u00f3kat.<\/p>\n<p>Kajom Janka lelkesen j\u00e1tszott egy r\u00e9gi, bowlingra eml\u00e9keztet\u0151 faj\u00e1t\u00e9kkal. <br \/>,,- Ez a kedvenc j\u00e1t\u00e9kod, amivel j\u00e1tszol?&#8221; <br \/>&#8212; Igen.&#8221;<br \/>&#8212; \u00c9s Mi\u00e9rt szereted annyira?&#8221;<br \/>&#8212; Mert nek\u00fcnk nincs ilyen\u00fcnk.&#8221;<br \/>&#8212; \u00c9s szeretn\u00e9l otthonra esetleg?&#8221; <br \/>&#8212; Igen.&#8221;<\/p>\n<p>Most m\u00e9g ideiglenes a ki\u00e1ll\u00edt\u00e1s, de a j\u00f6v\u0151ben egy \u00e1lland\u00f3 helyen nyitott kapukkal szeretn\u00e9 v\u00e1rni a gyerekeket.<\/p>\n<p>,,Nagyon szeretn\u00e9m, ha Szolnokon lenne egy ilyen interakt\u00edv j\u00e1tsz\u00f3h\u00e1z egy kis ki\u00e1ll\u00edt\u00e1ssal egybek\u00f6tve.&#8221; &#8211; \u00e1rulta el terveit a tulajdonos.<\/p>\n<p>A m\u00fazeum febru\u00e1r 18-ig tekinthet\u0151 meg az Ag\u00f3r\u00e1ban. Emellett a ki\u00e1ll\u00edt\u00e1s tulajdonosa m\u00e9g mindig sz\u00edvesen fogadja a r\u00e9gi gyerekj\u00e1t\u00e9kokat. A k\u00e9perny\u0151n l\u00e1that\u00f3 el\u00e9rhet\u0151s\u00e9gen tudj\u00e1k vele felvenni a kapcsolatot.<\/p>\n<p>jatekmuzeum@gmail.com<br \/>\n<br \/>\n<div style=\"width: 640px;\" class=\"wp-video\"><!--[if lt IE 9]><script>document.createElement('video');<\/script><![endif]-->\n<video class=\"wp-video-shortcode\" id=\"video-8236-1\" width=\"640\" height=\"360\" preload=\"metadata\" controls=\"controls\"><source type=\"video\/mp4\" src=\"\/spots\/hir\/hir_180216_02.mp4?_=1\" \/><a href=\"\/spots\/hir\/hir_180216_02.mp4\">\/spots\/hir\/hir_180216_02.mp4<\/a><\/video><\/div><\/p>\n","protected":false},"excerpt":{"rendered":"<p>Csillog\u00f3 szemekkel n\u00e9zt\u00e9k a soha nem l\u00e1tott j\u00e1t\u00e9kokat a kis \u00f3vod\u00e1sok, amikkel egykor m\u00e9g a d\u00e9dnagymam\u00e1ik j\u00e1tszottak. R\u00e9gi k\u00f6nyvek, babab\u00fatorok, moncsicsi \u00e9s tiki-taki. Ut\u00f3bbiakb\u00f3l m\u00e9g sl\u00e1ger is sz\u00fcletett, amit a 80-as \u00e9vekben sokan d\u00fadoltak. A ki\u00e1ll\u00edt\u00e1s a kicsiknek \u00e9s nagyoknak egyar\u00e1nt felkelti az \u00e9rdekl\u0151d\u00e9s\u00e9t. -C\u00e9lom legink\u00e1bb a gyerekek, im\u00e1dom az unok\u00e1imat, kicsik, szeretnek j\u00e1tszani, nagyon [&hellip;]<\/p>\n","protected":false},"author":2,"featured_media":0,"comment_status":"closed","ping_status":"closed","sticky":false,"template":"","format":"standard","meta":[],"categories":[9],"tags":[],"_links":{"self":[{"href":"http:\/\/archiv.szolnoktv.hu\/index.php?rest_route=\/wp\/v2\/posts\/8236"}],"collection":[{"href":"http:\/\/archiv.szolnoktv.hu\/index.php?rest_route=\/wp\/v2\/posts"}],"about":[{"href":"http:\/\/archiv.szolnoktv.hu\/index.php?rest_route=\/wp\/v2\/types\/post"}],"author":[{"embeddable":true,"href":"http:\/\/archiv.szolnoktv.hu\/index.php?rest_route=\/wp\/v2\/users\/2"}],"replies":[{"embeddable":true,"href":"http:\/\/archiv.szolnoktv.hu\/index.php?rest_route=%2Fwp%2Fv2%2Fcomments&post=8236"}],"version-history":[{"count":1,"href":"http:\/\/archiv.szolnoktv.hu\/index.php?rest_route=\/wp\/v2\/posts\/8236\/revisions"}],"predecessor-version":[{"id":8241,"href":"http:\/\/archiv.szolnoktv.hu\/index.php?rest_route=\/wp\/v2\/posts\/8236\/revisions\/8241"}],"wp:attachment":[{"href":"http:\/\/archiv.szolnoktv.hu\/index.php?rest_route=%2Fwp%2Fv2%2Fmedia&parent=8236"}],"wp:term":[{"taxonomy":"category","embeddable":true,"href":"http:\/\/archiv.szolnoktv.hu\/index.php?rest_route=%2Fwp%2Fv2%2Fcategories&post=8236"},{"taxonomy":"post_tag","embeddable":true,"href":"http:\/\/archiv.szolnoktv.hu\/index.php?rest_route=%2Fwp%2Fv2%2Ftags&post=8236"}],"curies":[{"name":"wp","href":"https:\/\/api.w.org\/{rel}","templated":true}]}}