{"id":8235,"date":"2018-02-15T18:26:46","date_gmt":"2018-02-15T18:26:46","guid":{"rendered":"http:\/\/archiv.szolnoktv.hu\/?p=8235"},"modified":"2021-08-13T18:36:26","modified_gmt":"2021-08-13T18:36:26","slug":"mszp-sajtotajekoztato-kozvilagitas","status":"publish","type":"post","link":"http:\/\/archiv.szolnoktv.hu\/?p=8235","title":{"rendered":"MSZP sajt\u00f3t\u00e1j\u00e9koztat\u00f3 k\u00f6zvil\u00e1g\u00edt\u00e1s"},"content":{"rendered":"<div class='booster-block booster-read-block'><\/div><p> Az Eur\u00f3pai uni\u00f3 Csal\u00e1s Elleni Hivatala ak\u00e1r 13 milli\u00e1rd forintot is visszafizettethet Magyarorsz\u00e1ggal a k\u00f6zvil\u00e1g\u00edt\u00e1s korszer\u0171s\u00edt\u00e9s\u00e9nek csal\u00e1sai miatt. Az \u00fcgy Szolnokot is \u00e9rinti, nett\u00f3 1 milli\u00e1rd forint \u00e9rt\u00e9kben. Mivel \u00fagy t\u0171nik minden v\u00e1rosban ugyanazon szerepl\u0151kkel j\u00e1tszottak \u00f6ssze az ELIOS-\u00e9rt, \u00edgy m\u00e1r a b\u0171nszervezetben elk\u00f6vetett csal\u00e1s gyan\u00faja is felmer\u00fclt- hangs\u00falyozta Rad\u00f3cz Zolt\u00e1n.<br \/>\n<br \/>\n<div style=\"width: 640px;\" class=\"wp-video\"><!--[if lt IE 9]><script>document.createElement('video');<\/script><![endif]-->\n<video class=\"wp-video-shortcode\" id=\"video-8235-1\" width=\"640\" height=\"360\" preload=\"metadata\" controls=\"controls\"><source type=\"video\/mp4\" src=\"\/spots\/hir\/hir_180215_06.mp4?_=1\" \/><a href=\"\/spots\/hir\/hir_180215_06.mp4\">\/spots\/hir\/hir_180215_06.mp4<\/a><\/video><\/div><\/p>\n","protected":false},"excerpt":{"rendered":"<p>Az Eur\u00f3pai uni\u00f3 Csal\u00e1s Elleni Hivatala ak\u00e1r 13 milli\u00e1rd forintot is visszafizettethet Magyarorsz\u00e1ggal a k\u00f6zvil\u00e1g\u00edt\u00e1s korszer\u0171s\u00edt\u00e9s\u00e9nek csal\u00e1sai miatt. Az \u00fcgy Szolnokot is \u00e9rinti, nett\u00f3 1 milli\u00e1rd forint \u00e9rt\u00e9kben. Mivel \u00fagy t\u0171nik minden v\u00e1rosban ugyanazon szerepl\u0151kkel j\u00e1tszottak \u00f6ssze az ELIOS-\u00e9rt, \u00edgy m\u00e1r a b\u0171nszervezetben elk\u00f6vetett csal\u00e1s gyan\u00faja is felmer\u00fclt- hangs\u00falyozta Rad\u00f3cz Zolt\u00e1n.<\/p>\n","protected":false},"author":2,"featured_media":0,"comment_status":"closed","ping_status":"closed","sticky":false,"template":"","format":"standard","meta":[],"categories":[9],"tags":[],"_links":{"self":[{"href":"http:\/\/archiv.szolnoktv.hu\/index.php?rest_route=\/wp\/v2\/posts\/8235"}],"collection":[{"href":"http:\/\/archiv.szolnoktv.hu\/index.php?rest_route=\/wp\/v2\/posts"}],"about":[{"href":"http:\/\/archiv.szolnoktv.hu\/index.php?rest_route=\/wp\/v2\/types\/post"}],"author":[{"embeddable":true,"href":"http:\/\/archiv.szolnoktv.hu\/index.php?rest_route=\/wp\/v2\/users\/2"}],"replies":[{"embeddable":true,"href":"http:\/\/archiv.szolnoktv.hu\/index.php?rest_route=%2Fwp%2Fv2%2Fcomments&post=8235"}],"version-history":[{"count":1,"href":"http:\/\/archiv.szolnoktv.hu\/index.php?rest_route=\/wp\/v2\/posts\/8235\/revisions"}],"predecessor-version":[{"id":8242,"href":"http:\/\/archiv.szolnoktv.hu\/index.php?rest_route=\/wp\/v2\/posts\/8235\/revisions\/8242"}],"wp:attachment":[{"href":"http:\/\/archiv.szolnoktv.hu\/index.php?rest_route=%2Fwp%2Fv2%2Fmedia&parent=8235"}],"wp:term":[{"taxonomy":"category","embeddable":true,"href":"http:\/\/archiv.szolnoktv.hu\/index.php?rest_route=%2Fwp%2Fv2%2Fcategories&post=8235"},{"taxonomy":"post_tag","embeddable":true,"href":"http:\/\/archiv.szolnoktv.hu\/index.php?rest_route=%2Fwp%2Fv2%2Ftags&post=8235"}],"curies":[{"name":"wp","href":"https:\/\/api.w.org\/{rel}","templated":true}]}}