{"id":8234,"date":"2018-02-15T18:09:52","date_gmt":"2018-02-15T18:09:52","guid":{"rendered":"http:\/\/archiv.szolnoktv.hu\/?p=8234"},"modified":"2021-08-13T18:36:26","modified_gmt":"2021-08-13T18:36:26","slug":"darvasi-laszlo-rendhagyo-irodalom-oraja-a-varga-katalin-gimnaziumban","status":"publish","type":"post","link":"http:\/\/archiv.szolnoktv.hu\/?p=8234","title":{"rendered":"Darvasi L\u00e1szl\u00f3 rendhagy\u00f3  irodalom \u00f3r\u00e1ja a Varga Katalin Gimn\u00e1ziumban"},"content":{"rendered":"<div class='booster-block booster-read-block'><\/div><p>A terem zs\u00fafol\u00e1sig megtelt irodalom ir\u00e1nt \u00e9rdekl\u0151d\u0151 di\u00e1kokkal. Darvasi L\u00e1szl\u00f3 kort\u00e1rs \u00edr\u00f3 \u00e9s k\u00f6lt\u0151 az irodalomba \u00e9s az \u00edr\u00f3i vil\u00e1gba vezette be \u0151ket. Kezdetnek egy k\u00f6nny\u0171nek t\u0171n\u0151 k\u00e9rd\u00e9st tett fel: Mi az \u00edr\u00f3 legfontosabb testr\u00e9sze? <\/p>\n<p>&#8211;A sz\u00edve?&#8221;<br \/>&#8212; A sz\u00edve. Mert?&#8221;<br \/>&#8211;H\u00e1t ny\u00edlv\u00e1n mert olyan dolgokr\u00f3l \u00edr, ami sz\u00e1m\u00e1ra fontos, meg ami sz\u00e1m\u00e1ra sokat jelent.&#8221;<\/p>\n<p>Azzal az \u00edr\u00f3 is egyet\u00e9rtett, hogy a sz\u00edv is nagyban hozz\u00e1j\u00e1rul egy m\u0171 megsz\u00fclet\u00e9s\u00e9hez, no meg persze a fen\u00e9k  &#8211;   tette hozz\u00e1, nagy der\u00fclts\u00e9get okozva a di\u00e1kok k\u00f6r\u00e9ben. A sz\u00edvben \u00e9s a fejben megsz\u00fcletett gondolatok \u00e1ltal n\u00e9mik\u00e9pp a szerz\u0151 \u00f6nmag\u00e1t mutatja meg  &#8211;   mondta Darvasi L\u00e1szl\u00f3, aki az irodalom szeretet\u00e9nek k\u00f6sz\u00f6nhet\u0151en m\u00e1r eg\u00e9szen fiatal kor\u00e1ban ezt az utat v\u00e1lasztotta. <\/p>\n<p>-Tulajdonk\u00e9ppen a gimn\u00e1ziumban kezd\u0151d\u00f6tt el, ahol m\u00e1r verseket \u00edrtam, de ezek m\u00e9g ilyen gyermekkori versek voltak.&#8221; &#8211; mes\u00e9lte az \u00edr\u00f3.<\/p>\n<p>-Ha olvasod, akkor megt\u00f6rt\u00e9nik, Mi\u00e9rt t\u00f6rt\u00e9nik meg? Mert elk\u00e9pzeled, ez a fant\u00e1zia.&#8221; &#8211; mondta a di\u00e1koknak Darvasi L\u00e1szl\u00f3. Az irodalom olyan m\u0171faj, amiben mindenki megtal\u00e1lhatja azt, ami legink\u00e1bb k\u00f6zel \u00e1ll hozz\u00e1. Ma egyre kevesebb di\u00e1k olvas, m\u00e9gis akadnak olyanok, akiket mag\u00e1val ragadnak a k\u00f6lt\u0151 gondolatai.<\/p>\n<p>-Beny\u00fajtat\u00e1sk\u00e9nt, hogy \u00edr\u00f3k k\u00f6lt\u0151k hogyan gondolkodnak, mi j\u00e1r a fej\u00fckben, mikor \u00edrj\u00e1k a m\u0171veiket.&#8221; &#8211; felelte Gy\u00f6ngy\u00f6si Kriszti\u00e1n, az egyik megk\u00e9rdezett di\u00e1k. <\/p>\n<p>Az \u00edr\u00f3 nem csak a m\u00falt egy-egy szelet\u00e9t szerette volna bemutatni, a di\u00e1kokat is el\u0151t\u00e9rbe helyezte interakt\u00edv \u00f3r\u00e1j\u00e1n. Ma m\u00e1r t\u00f6bben \u00edrnak, mint az \u0151 kor\u00e1ban. Rengeteg m\u0171fajban dolgozott, cikket, mes\u00e9t, dr\u00e1m\u00e1t \u00e9s reg\u00e9nyt is jegyzett m\u00e1r. Pr\u00f3b\u00e1lta minden tud\u00e1s\u00e1t \u00e1tadni az \u00e9rdekl\u0151d\u0151 fiataloknak. <\/p>\n<p>-A fiataloknak csak azt tudom aj\u00e1nlani, hogy h\u00e1rom dolog van ami legjobb dolog az \u00e9letben. Nagyon j\u00f3 dolog \u00e9s f\u00e1jdalmas dolog szerelmesnek lenni, nagyon j\u00f3 dolog focizni \u00e9s sportolni \u00e9s a harmadik legfontosabb dolog, hogy nagyon j\u00f3 dolog olvasni. Az olvas\u00e1s az egy m\u00e1sik vil\u00e1gba visz el minket, megv\u00e1ltoztatja az \u00e9let\u00fcnket az olvas\u00e1s, ak\u00e1r, megtud v\u00e1ltoztatni.&#8221; &#8211; mondta Darvasi L\u00e1szl\u00f3.<\/p>\n<p>Ha nem is az olvas\u00e1s, Darvasi L\u00e1szl\u00f3 saj\u00e1t maga vitte el a di\u00e1kokat egy m\u00e1sik vil\u00e1gba, hisz a rendhagy\u00f3 irodalom \u00f3ra k\u00fcl\u00f6nleges esem\u00e9ny egy iskola \u00e9let\u00e9ben.<br \/>\n<br \/>\n<div style=\"width: 640px;\" class=\"wp-video\"><!--[if lt IE 9]><script>document.createElement('video');<\/script><![endif]-->\n<video class=\"wp-video-shortcode\" id=\"video-8234-1\" width=\"640\" height=\"360\" preload=\"metadata\" controls=\"controls\"><source type=\"video\/mp4\" src=\"\/spots\/hir\/hir_180215_07.mp4?_=1\" \/><a href=\"\/spots\/hir\/hir_180215_07.mp4\">\/spots\/hir\/hir_180215_07.mp4<\/a><\/video><\/div><\/p>\n","protected":false},"excerpt":{"rendered":"<p>A terem zs\u00fafol\u00e1sig megtelt irodalom ir\u00e1nt \u00e9rdekl\u0151d\u0151 di\u00e1kokkal. Darvasi L\u00e1szl\u00f3 kort\u00e1rs \u00edr\u00f3 \u00e9s k\u00f6lt\u0151 az irodalomba \u00e9s az \u00edr\u00f3i vil\u00e1gba vezette be \u0151ket. Kezdetnek egy k\u00f6nny\u0171nek t\u0171n\u0151 k\u00e9rd\u00e9st tett fel: Mi az \u00edr\u00f3 legfontosabb testr\u00e9sze? &#8211;A sz\u00edve?&#8221;&#8212; A sz\u00edve. Mert?&#8221;&#8211;H\u00e1t ny\u00edlv\u00e1n mert olyan dolgokr\u00f3l \u00edr, ami sz\u00e1m\u00e1ra fontos, meg ami sz\u00e1m\u00e1ra sokat jelent.&#8221; Azzal az [&hellip;]<\/p>\n","protected":false},"author":2,"featured_media":0,"comment_status":"closed","ping_status":"closed","sticky":false,"template":"","format":"standard","meta":[],"categories":[9],"tags":[],"_links":{"self":[{"href":"http:\/\/archiv.szolnoktv.hu\/index.php?rest_route=\/wp\/v2\/posts\/8234"}],"collection":[{"href":"http:\/\/archiv.szolnoktv.hu\/index.php?rest_route=\/wp\/v2\/posts"}],"about":[{"href":"http:\/\/archiv.szolnoktv.hu\/index.php?rest_route=\/wp\/v2\/types\/post"}],"author":[{"embeddable":true,"href":"http:\/\/archiv.szolnoktv.hu\/index.php?rest_route=\/wp\/v2\/users\/2"}],"replies":[{"embeddable":true,"href":"http:\/\/archiv.szolnoktv.hu\/index.php?rest_route=%2Fwp%2Fv2%2Fcomments&post=8234"}],"version-history":[{"count":1,"href":"http:\/\/archiv.szolnoktv.hu\/index.php?rest_route=\/wp\/v2\/posts\/8234\/revisions"}],"predecessor-version":[{"id":8243,"href":"http:\/\/archiv.szolnoktv.hu\/index.php?rest_route=\/wp\/v2\/posts\/8234\/revisions\/8243"}],"wp:attachment":[{"href":"http:\/\/archiv.szolnoktv.hu\/index.php?rest_route=%2Fwp%2Fv2%2Fmedia&parent=8234"}],"wp:term":[{"taxonomy":"category","embeddable":true,"href":"http:\/\/archiv.szolnoktv.hu\/index.php?rest_route=%2Fwp%2Fv2%2Fcategories&post=8234"},{"taxonomy":"post_tag","embeddable":true,"href":"http:\/\/archiv.szolnoktv.hu\/index.php?rest_route=%2Fwp%2Fv2%2Ftags&post=8234"}],"curies":[{"name":"wp","href":"https:\/\/api.w.org\/{rel}","templated":true}]}}