{"id":8233,"date":"2018-02-15T16:23:28","date_gmt":"2018-02-15T16:23:28","guid":{"rendered":"http:\/\/archiv.szolnoktv.hu\/?p=8233"},"modified":"2021-08-13T18:36:27","modified_gmt":"2021-08-13T18:36:27","slug":"kadetkozpontot-terveznek-szolnokra","status":"publish","type":"post","link":"http:\/\/archiv.szolnoktv.hu\/?p=8233","title":{"rendered":"Kad\u00e9tk\u00f6zpontot terveznek Szolnokra"},"content":{"rendered":"<div class='booster-block booster-read-block'><\/div><p>Imm\u00e1r 17 \u00e9ve orient\u00e1lja katonai p\u00e1ly\u00e1ra az \u00e9rdekl\u0151d\u0151 fiatalokat a Magyar Tartal\u00e9kosok Sz\u00f6vets\u00e9ge. A szervezet fontos b\u00e1zisa lehet a j\u00f6v\u0151ben Szolnok, ahol a mai kihelyezett orsz\u00e1gos eln\u00f6ks\u00e9gi \u00fcl\u00e9s vend\u00e9geit a Besenysz\u00f6gi \u00fatra v\u00e1rt\u00e1k. Az egykori polg\u00e1rv\u00e9delmi gyakorl\u00f3p\u00e1ly\u00e1t ma az \u00f6nkorm\u00e1nyzat j\u00f3v\u00e1hagy\u00e1s\u00e1val a Szolnoki Magyar had \u00e9s G\u00e9pj\u00e1rm\u0171technikai Alap\u00edtv\u00e1ny haszn\u00e1lja, de a j\u00f6v\u0151ben b\u0151v\u00fclhet a ter\u00fclet funkci\u00f3ja.<\/p>\n<p> &#8220;Itt val\u00f3sulna meg az a kad\u00e9tk\u00f6zpont ahol az ifj\u00fas\u00e1g hazafias- \u00e9s honv\u00e9delmi nevel\u00e9se ker\u00fclne v\u00e9grehajt\u00e1sra gyakorlati foglalkoztat\u00e1si rendszeren kereszt\u00fcl, illetve a hadk\u00f6teles feln\u0151ttek sz\u00e1m\u00e1ra is biztos\u00edtan\u00e1nk lehet\u0151s\u00e9get \u00e9lm\u00e9nyszerz\u00e9s c\u00e9lj\u00e1b\u00f3l, esetleg kedvcsin\u00e1l\u00e1s form\u00e1j\u00e1ban a haza v\u00e9delm\u00e9ben katonak\u00e9nt&#8230; ak\u00e1r tartal\u00e9kosk\u00e9nt, vagy hivat\u00e1sosk\u00e9nt, vagy szerz\u0151d\u00e9sesk\u00e9nt t\u00f6rt\u00e9n\u0151 r\u00e9szv\u00e9telre.&#8221;- tudtuk meg Boldizs\u00e1r J\u00e1nos Tibort\u00f3l, a MATASZ megyei eln\u00f6k\u00e9t\u0151l.<\/p>\n<p>A Magyar Tartal\u00e9kosok Sz\u00f6vets\u00e9ge a ny\u00e1ri honv\u00e9delmi t\u00e1borok mint\u00e1j\u00e1ra m\u0171k\u00f6dtetn\u00e9 a ter\u00fcletet.<\/p>\n<p> &#8220;Vannak olyan gyakorlati k\u00e9rd\u00e9sek \u00e9s gyakorlati ismeretekre lehet\u0151s\u00e9g elsaj\u00e1t\u00edtani ami m\u00e1s- \u00fagymond- h\u00e1t igaz, hogy mi is civil szervezet vagyunk de az\u00e9rt h\u00e1t a katon\u00e1s dolgok n\u00e1lunk er\u0151sen domin\u00e1lnak.&#8221;- fogalmazott Sz\u00e9les Ern\u0151 a MATASZ eln\u00f6ke.<\/p>\n<p>A szolnoki b\u00e1zis a tervek szerint k\u00f6rletekkel felszerelt gyakorl\u00f3t\u00e9r maradna. Telep\u00edtett kont\u00e9nerek szolg\u00e1ln\u00e1k ki az \u00e9rkez\u0151ket- hangzott el a Besenysz\u00f6gi \u00fati l\u00e9tes\u00edtm\u00e9nyben tartott t\u00e1j\u00e9koztat\u00f3n.<br \/>\n<br \/>\n<div style=\"width: 640px;\" class=\"wp-video\"><!--[if lt IE 9]><script>document.createElement('video');<\/script><![endif]-->\n<video class=\"wp-video-shortcode\" id=\"video-8233-1\" width=\"640\" height=\"360\" preload=\"metadata\" controls=\"controls\"><source type=\"video\/mp4\" src=\"\/spots\/hir\/hir_180215_05.mp4?_=1\" \/><a href=\"\/spots\/hir\/hir_180215_05.mp4\">\/spots\/hir\/hir_180215_05.mp4<\/a><\/video><\/div><\/p>\n","protected":false},"excerpt":{"rendered":"<p>Imm\u00e1r 17 \u00e9ve orient\u00e1lja katonai p\u00e1ly\u00e1ra az \u00e9rdekl\u0151d\u0151 fiatalokat a Magyar Tartal\u00e9kosok Sz\u00f6vets\u00e9ge. A szervezet fontos b\u00e1zisa lehet a j\u00f6v\u0151ben Szolnok, ahol a mai kihelyezett orsz\u00e1gos eln\u00f6ks\u00e9gi \u00fcl\u00e9s vend\u00e9geit a Besenysz\u00f6gi \u00fatra v\u00e1rt\u00e1k. Az egykori polg\u00e1rv\u00e9delmi gyakorl\u00f3p\u00e1ly\u00e1t ma az \u00f6nkorm\u00e1nyzat j\u00f3v\u00e1hagy\u00e1s\u00e1val a Szolnoki Magyar had \u00e9s G\u00e9pj\u00e1rm\u0171technikai Alap\u00edtv\u00e1ny haszn\u00e1lja, de a j\u00f6v\u0151ben b\u0151v\u00fclhet a ter\u00fclet [&hellip;]<\/p>\n","protected":false},"author":2,"featured_media":0,"comment_status":"closed","ping_status":"closed","sticky":false,"template":"","format":"standard","meta":[],"categories":[9],"tags":[],"_links":{"self":[{"href":"http:\/\/archiv.szolnoktv.hu\/index.php?rest_route=\/wp\/v2\/posts\/8233"}],"collection":[{"href":"http:\/\/archiv.szolnoktv.hu\/index.php?rest_route=\/wp\/v2\/posts"}],"about":[{"href":"http:\/\/archiv.szolnoktv.hu\/index.php?rest_route=\/wp\/v2\/types\/post"}],"author":[{"embeddable":true,"href":"http:\/\/archiv.szolnoktv.hu\/index.php?rest_route=\/wp\/v2\/users\/2"}],"replies":[{"embeddable":true,"href":"http:\/\/archiv.szolnoktv.hu\/index.php?rest_route=%2Fwp%2Fv2%2Fcomments&post=8233"}],"version-history":[{"count":1,"href":"http:\/\/archiv.szolnoktv.hu\/index.php?rest_route=\/wp\/v2\/posts\/8233\/revisions"}],"predecessor-version":[{"id":8244,"href":"http:\/\/archiv.szolnoktv.hu\/index.php?rest_route=\/wp\/v2\/posts\/8233\/revisions\/8244"}],"wp:attachment":[{"href":"http:\/\/archiv.szolnoktv.hu\/index.php?rest_route=%2Fwp%2Fv2%2Fmedia&parent=8233"}],"wp:term":[{"taxonomy":"category","embeddable":true,"href":"http:\/\/archiv.szolnoktv.hu\/index.php?rest_route=%2Fwp%2Fv2%2Fcategories&post=8233"},{"taxonomy":"post_tag","embeddable":true,"href":"http:\/\/archiv.szolnoktv.hu\/index.php?rest_route=%2Fwp%2Fv2%2Ftags&post=8233"}],"curies":[{"name":"wp","href":"https:\/\/api.w.org\/{rel}","templated":true}]}}