{"id":8232,"date":"2018-02-15T16:18:40","date_gmt":"2018-02-15T16:18:40","guid":{"rendered":"http:\/\/archiv.szolnoktv.hu\/?p=8232"},"modified":"2021-08-13T18:36:27","modified_gmt":"2021-08-13T18:36:27","slug":"felujitjak-a-puskas-tivadar-korutat","status":"publish","type":"post","link":"http:\/\/archiv.szolnoktv.hu\/?p=8232","title":{"rendered":"Fel\u00faj\u00edtj\u00e1k a Pusk\u00e1s Tivadar k\u00f6rutat"},"content":{"rendered":"<div class='booster-block booster-read-block'><\/div><p>Egy k\u00e1ty\u00fa a sok k\u00f6z\u00fcl, ami a Pusk\u00e1s Tivadar k\u00f6r\u00fat forgalm\u00e1t nehez\u00edti. A k\u00f6rny\u00e9ken \u00e9l\u0151k r\u00e9gi \u00e1lma v\u00e1lik val\u00f3ra azzal, hogy teljes hosszabban meg\u00fajul a szakasz. A k\u00f6zvil\u00e1g\u00edt\u00e1s moderniz\u00e1l\u00e1s\u00e1b\u00f3l ad\u00f3d\u00f3 megtakar\u00edt\u00e1snak \u00e9s az \u00f6nkorm\u00e1nyzat felel\u0151s gazd\u00e1lkod\u00e1s\u00e1nak k\u00f6sz\u00f6nhet\u0151en 64 milli\u00f3 forint jut a beruh\u00e1z\u00e1sra. Nem k\u00e1ty\u00famentes\u00edt\u00e9sr\u0151l van sz\u00f3, az \u00fat ugyanis teljesen eg\u00e9sz\u00e9ben \u00faj burkolatot kap. A fel\u00faj\u00edt\u00e1s \u00e9rinti a k\u00e9pen l\u00e1that\u00f3 Bimb\u00f3 \u00fati \u00e9s a W\u00e1gner Guszt\u00e1v \u00fati lehajt\u00f3 s\u00e1vokat is. Kialak\u00edtj\u00e1k az ehhez sz\u00fcks\u00e9ges kiemelt szeg\u00e9lyt \u00e9s tart\u00f3s \u00fatburkolati jeleket festenek fel. A jobb oldali j\u00e1rd\u00e1t is fel\u00faj\u00edtj\u00e1k illetve a p\u00e1ratlan oldalon l\u00e9trehoznak 141, az \u00fatra mer\u0151leges ir\u00e1ny\u00fa parkol\u00f3helyet.<\/p>\n<p> -A p\u00e1ros oldalon pedig egy k\u00e9t m\u00e9ter sz\u00e9les ker\u00e9kp\u00e1r\u00fat \u00e9p\u00fcl meg \u00e9s csatlakozik a V\u00e1rosmajor \u00fati ker\u00e9kp\u00e1r\u00faton kereszt\u00fcl a v\u00e1ros ker\u00e9kp\u00e1r\u00fath\u00e1l\u00f3zat\u00e1hoz, teh\u00e1t mondhatjuk azt, hogy a Tallin v\u00e1rosr\u00e9sz is teljes eg\u00e9sz\u00e9ben ker\u00e9kp\u00e1r\u00fattal lesz \u00f6sszek\u00f6tve ak\u00e1r Vas\u00fat\u00e1llom\u00e1ssal, Sz\u00e9chenyi lak\u00f3teleppel, Szandasz\u0151l\u0151ssel teh\u00e1t az eg\u00e9sz v\u00e1rossal.&#8221;  &#8211;   mondta Szalay Ferenc polg\u00e1rmester.<\/p>\n<p>A ker\u00e9kp\u00e1r\u00fat piros, z\u00f6kken\u0151mentes, nagy ig\u00e9nybev\u00e9telre tervezett t\u00e9rk\u0151vel \u00e9p\u00fcl. A ker\u00e9kp\u00e1r\u00fat \u00e9s parkol\u00f3 l\u00e9tes\u00edt\u00e9s\u00e9vel a Pusk\u00e1s Tivadar k\u00f6r\u00fat t\u00e1rsash\u00e1zainak szem\u00e9tt\u00e1rol\u00f3it \u00e1thelyezik, a fel\u00faj\u00edt\u00e1ssal \u00e9s \u00e9p\u00edt\u00e9ssel \u00e9rintett j\u00e1rda \u00fatcsatlakoz\u00e1sok \u00e9s az \u00e1thelyezett szem\u00e9tt\u00e1rol\u00f3khoz csatlakoz\u00f3 utak is akad\u00e1lymentes\u00edtettek lesznek.<\/p>\n<div style=\"width: 640px;\" class=\"wp-video\"><!--[if lt IE 9]><script>document.createElement('video');<\/script><![endif]-->\n<video class=\"wp-video-shortcode\" id=\"video-8232-1\" width=\"640\" height=\"360\" preload=\"metadata\" controls=\"controls\"><source type=\"video\/mp4\" src=\"\/spots\/hir\/hir_180215_04.mp4?_=1\" \/><a href=\"\/spots\/hir\/hir_180215_04.mp4\">\/spots\/hir\/hir_180215_04.mp4<\/a><\/video><\/div>\n","protected":false},"excerpt":{"rendered":"<p>Egy k\u00e1ty\u00fa a sok k\u00f6z\u00fcl, ami a Pusk\u00e1s Tivadar k\u00f6r\u00fat forgalm\u00e1t nehez\u00edti. A k\u00f6rny\u00e9ken \u00e9l\u0151k r\u00e9gi \u00e1lma v\u00e1lik val\u00f3ra azzal, hogy teljes hosszabban meg\u00fajul a szakasz. A k\u00f6zvil\u00e1g\u00edt\u00e1s moderniz\u00e1l\u00e1s\u00e1b\u00f3l ad\u00f3d\u00f3 megtakar\u00edt\u00e1snak \u00e9s az \u00f6nkorm\u00e1nyzat felel\u0151s gazd\u00e1lkod\u00e1s\u00e1nak k\u00f6sz\u00f6nhet\u0151en 64 milli\u00f3 forint jut a beruh\u00e1z\u00e1sra. Nem k\u00e1ty\u00famentes\u00edt\u00e9sr\u0151l van sz\u00f3, az \u00fat ugyanis teljesen eg\u00e9sz\u00e9ben \u00faj burkolatot kap. [&hellip;]<\/p>\n","protected":false},"author":2,"featured_media":0,"comment_status":"closed","ping_status":"closed","sticky":false,"template":"","format":"standard","meta":[],"categories":[9],"tags":[],"_links":{"self":[{"href":"http:\/\/archiv.szolnoktv.hu\/index.php?rest_route=\/wp\/v2\/posts\/8232"}],"collection":[{"href":"http:\/\/archiv.szolnoktv.hu\/index.php?rest_route=\/wp\/v2\/posts"}],"about":[{"href":"http:\/\/archiv.szolnoktv.hu\/index.php?rest_route=\/wp\/v2\/types\/post"}],"author":[{"embeddable":true,"href":"http:\/\/archiv.szolnoktv.hu\/index.php?rest_route=\/wp\/v2\/users\/2"}],"replies":[{"embeddable":true,"href":"http:\/\/archiv.szolnoktv.hu\/index.php?rest_route=%2Fwp%2Fv2%2Fcomments&post=8232"}],"version-history":[{"count":1,"href":"http:\/\/archiv.szolnoktv.hu\/index.php?rest_route=\/wp\/v2\/posts\/8232\/revisions"}],"predecessor-version":[{"id":8245,"href":"http:\/\/archiv.szolnoktv.hu\/index.php?rest_route=\/wp\/v2\/posts\/8232\/revisions\/8245"}],"wp:attachment":[{"href":"http:\/\/archiv.szolnoktv.hu\/index.php?rest_route=%2Fwp%2Fv2%2Fmedia&parent=8232"}],"wp:term":[{"taxonomy":"category","embeddable":true,"href":"http:\/\/archiv.szolnoktv.hu\/index.php?rest_route=%2Fwp%2Fv2%2Fcategories&post=8232"},{"taxonomy":"post_tag","embeddable":true,"href":"http:\/\/archiv.szolnoktv.hu\/index.php?rest_route=%2Fwp%2Fv2%2Ftags&post=8232"}],"curies":[{"name":"wp","href":"https:\/\/api.w.org\/{rel}","templated":true}]}}