{"id":8231,"date":"2018-02-15T15:57:42","date_gmt":"2018-02-15T15:57:42","guid":{"rendered":"http:\/\/archiv.szolnoktv.hu\/?p=8231"},"modified":"2021-08-13T18:36:27","modified_gmt":"2021-08-13T18:36:27","slug":"szolnoki-apolo-kapta-a-megye-elismero-dijat","status":"publish","type":"post","link":"http:\/\/archiv.szolnoktv.hu\/?p=8231","title":{"rendered":"Szolnoki \u00e1pol\u00f3 kapta a megye elismer\u0151 d\u00edj\u00e1t"},"content":{"rendered":"<div class='booster-block booster-read-block'><\/div><p> A p\u00e1lyaelhagy\u00f3k, a k\u00fclf\u00f6ld\u00f6n szerencs\u00e9t pr\u00f3b\u00e1l\u00f3k nagy sz\u00e1ma ellen\u00e9re a magyar \u00e1pol\u00f3k t\u00f6bbs\u00e9ge p\u00e9lda\u00e9rt\u00e9k\u0171 tev\u00e9kenys\u00e9get folytat nap- mint nap. Munkak\u00f6r\u00fck egyben misszi\u00f3 is, hiszen szakmai felk\u00e9sz\u00fclts\u00e9g\u00fck, r\u00e1termetts\u00e9g\u00fck mellett lelk\u00fckkel, odaad\u00e1sukkal is el\u0151seg\u00edtik beteg embert\u00e1rsaik gy\u00f3gyul\u00e1s\u00e1t. Nincs ez m\u00e1sk\u00e9pp a megy\u00e9ben sem, ahol j\u00f3l felk\u00e9sz\u00fclt, odaad\u00f3 g\u00e1rda seg\u00edti az orvosok munk\u00e1j\u00e1t.<\/p>\n<p>&#8220;Nem lehet elmenni amellett, hogy az \u00e1pol\u00e1si szakm\u00e1ban r\u00e9szt vev\u0151k els\u0151sorban emberek \u00e9s mikor megsz\u00f3l\u00edtanak benn\u00fcnket betegk\u00e9nt \u00fagy sz\u00f3l\u00edtanak meg, hogy empatikusak \u00e9s t\u00f6r\u0151d\u0151ek.&#8221;- mondta Piroska Mikl\u00f3s a megyei k\u00f6zgy\u0171l\u00e9s alaln\u00f6ke.<\/p>\n<p>A Magyar \u00c1pol\u00e1si Egyes\u00fclet d\u00edszoklevel\u00e9t id\u00e9n h\u00e1rman vehett\u00e9k \u00e1t. Beinschr\u00f3thn\u00e9 T\u00edm\u00e1r Vikt\u00f3ria, a Mez\u0151t\u00fari K\u00f3rh\u00e1z \u00e9s Rendel\u0151int\u00e9zet sz\u00fcl\u00e9szeti oszt\u00e1ly\u00e1nak dolgoz\u00f3ja, Kel\u00e9n\u00e9 K\u00e1llai Erzs\u00e9bet a Karcagi K\u00e1tai G\u00e1bor K\u00f3rh\u00e1z gasztroenterol\u00f3giai szakrendel\u00e9s\u00e9nek szakasszisztense, valamint T\u00f6r\u00f6k Roz\u00e1lia a Het\u00e9nyi G\u00e9za K\u00f3rh\u00e1z csecsem\u0151- \u00e9s gyermekoszt\u00e1ly\u00e1nak \u00e1pol\u00f3ja. A Magyar \u00c1pol\u00f3k Napja alkalm\u00e1b\u00f3l id\u00e9n is \u00e1tadt\u00e1k a Megye \u00c1pol\u00f3ja D\u00edjat. A kit\u00fcntet\u0151 c\u00edmet ez\u00fattal Farkas T\u00fcnde, a Het\u00e9nyi G\u00e9za K\u00f3rh\u00e1z gyermekintenz\u00edv r\u00e9szleg\u00e9nek r\u00e9szlegvezet\u0151 f\u0151n\u0151v\u00e9re kapta. Az elhivatotts\u00e1g mellett- hangs\u00falyozta a d\u00edjazott- a napi siker\u00e9lm\u00e9nyekben nyer bizonyoss\u00e1got az \u00e1pol\u00f3i munka fontoss\u00e1ga.<\/p>\n<p>&#8220;Mindenek el\u0151tt a gyermekek mosoly\u00e1ban, illetve amikor hazamennek gy\u00f3gyultan \u00e9s a sz\u00fcl\u0151k el\u00e9gedetts\u00e9g\u00e9ben.&#8221;<\/p>\n<p>A 2010- ben alap\u00edtott d\u00edjra egy\u00e9bk\u00e9nt id\u00e9n 5 jel\u00f6l\u00e9s \u00e9rkezett. K\u00f6z\u00fcl\u00fck bizonyult a legjobbnak a Het\u00e9nyi k\u00f3rh\u00e1z oktat\u00f3i-, vizsgabiztosi feladatokat is ell\u00e1t\u00f3 diplom\u00e1s \u00e1pol\u00f3ja.<\/p>\n<div style=\"width: 640px;\" class=\"wp-video\"><!--[if lt IE 9]><script>document.createElement('video');<\/script><![endif]-->\n<video class=\"wp-video-shortcode\" id=\"video-8231-1\" width=\"640\" height=\"360\" preload=\"metadata\" controls=\"controls\"><source type=\"video\/mp4\" src=\"\/spots\/hir\/hir_180215_03.mp4?_=1\" \/><a href=\"\/spots\/hir\/hir_180215_03.mp4\">\/spots\/hir\/hir_180215_03.mp4<\/a><\/video><\/div>\n","protected":false},"excerpt":{"rendered":"<p>A p\u00e1lyaelhagy\u00f3k, a k\u00fclf\u00f6ld\u00f6n szerencs\u00e9t pr\u00f3b\u00e1l\u00f3k nagy sz\u00e1ma ellen\u00e9re a magyar \u00e1pol\u00f3k t\u00f6bbs\u00e9ge p\u00e9lda\u00e9rt\u00e9k\u0171 tev\u00e9kenys\u00e9get folytat nap- mint nap. Munkak\u00f6r\u00fck egyben misszi\u00f3 is, hiszen szakmai felk\u00e9sz\u00fclts\u00e9g\u00fck, r\u00e1termetts\u00e9g\u00fck mellett lelk\u00fckkel, odaad\u00e1sukkal is el\u0151seg\u00edtik beteg embert\u00e1rsaik gy\u00f3gyul\u00e1s\u00e1t. Nincs ez m\u00e1sk\u00e9pp a megy\u00e9ben sem, ahol j\u00f3l felk\u00e9sz\u00fclt, odaad\u00f3 g\u00e1rda seg\u00edti az orvosok munk\u00e1j\u00e1t. &#8220;Nem lehet elmenni amellett, hogy [&hellip;]<\/p>\n","protected":false},"author":2,"featured_media":0,"comment_status":"closed","ping_status":"closed","sticky":false,"template":"","format":"standard","meta":[],"categories":[9],"tags":[],"_links":{"self":[{"href":"http:\/\/archiv.szolnoktv.hu\/index.php?rest_route=\/wp\/v2\/posts\/8231"}],"collection":[{"href":"http:\/\/archiv.szolnoktv.hu\/index.php?rest_route=\/wp\/v2\/posts"}],"about":[{"href":"http:\/\/archiv.szolnoktv.hu\/index.php?rest_route=\/wp\/v2\/types\/post"}],"author":[{"embeddable":true,"href":"http:\/\/archiv.szolnoktv.hu\/index.php?rest_route=\/wp\/v2\/users\/2"}],"replies":[{"embeddable":true,"href":"http:\/\/archiv.szolnoktv.hu\/index.php?rest_route=%2Fwp%2Fv2%2Fcomments&post=8231"}],"version-history":[{"count":1,"href":"http:\/\/archiv.szolnoktv.hu\/index.php?rest_route=\/wp\/v2\/posts\/8231\/revisions"}],"predecessor-version":[{"id":8246,"href":"http:\/\/archiv.szolnoktv.hu\/index.php?rest_route=\/wp\/v2\/posts\/8231\/revisions\/8246"}],"wp:attachment":[{"href":"http:\/\/archiv.szolnoktv.hu\/index.php?rest_route=%2Fwp%2Fv2%2Fmedia&parent=8231"}],"wp:term":[{"taxonomy":"category","embeddable":true,"href":"http:\/\/archiv.szolnoktv.hu\/index.php?rest_route=%2Fwp%2Fv2%2Fcategories&post=8231"},{"taxonomy":"post_tag","embeddable":true,"href":"http:\/\/archiv.szolnoktv.hu\/index.php?rest_route=%2Fwp%2Fv2%2Ftags&post=8231"}],"curies":[{"name":"wp","href":"https:\/\/api.w.org\/{rel}","templated":true}]}}