{"id":8230,"date":"2018-02-15T13:39:47","date_gmt":"2018-02-15T13:39:47","guid":{"rendered":"http:\/\/archiv.szolnoktv.hu\/?p=8230"},"modified":"2021-08-13T18:36:27","modified_gmt":"2021-08-13T18:36:27","slug":"vandorkiallitasra-keszul-a-reptar","status":"publish","type":"post","link":"http:\/\/archiv.szolnoktv.hu\/?p=8230","title":{"rendered":"V\u00e1ndorki\u00e1ll\u00edt\u00e1sra k\u00e9sz\u00fcl a Rept\u00e1r"},"content":{"rendered":"<div class='booster-block booster-read-block'><\/div><p>\u00c1ltal\u00e1nos iskol\u00e1kba telep\u00fcl ki a Rept\u00e1r. A Mozaik M\u00fazeumt\u00fara remek alkalom arra, hogy a gyerekek k\u00f6zelebb ker\u00fclhessenek a kult\u00far\u00e1hoz, a m\u00fazeumi pedag\u00f3gi\u00e1hoz \u00e9s \u00e9lm\u00e9nyekhez. A szolnoki rep\u00fcl\u0151m\u00fazeum m\u00e1r 4 \u00e1llom\u00e1son t\u00fal van, budapesti \u00e9s vid\u00e9ki int\u00e9zm\u00e9nyekben is j\u00e1rtak m\u00e1r.<\/p>\n<p>-Mi vissz\u00fck a k\u00fcl\u00f6nb\u00f6z\u0151 \u00e9rdekes okoseszk\u00f6zeinket, VR szem\u00fcvegeinket n\u00e9h\u00e1ny kisebb ki\u00e1ll\u00edt\u00e1si t\u00e1rgyat, amit el tudunk vinni a gyerekeknek. Ott tartunk kis el\u0151ad\u00e1st a m\u00fazeumr\u00f3l illetve a k\u00fcl\u00f6nb\u00f6z\u0151 okoseszk\u00f6z\u00f6ket ki is tudj\u00e1k pr\u00f3b\u00e1lni, hogy kedvet kapjanak \u00e9s el tudjanak j\u00f6nni hozz\u00e1nk a m\u00fazeumba.&#8221;  &#8211;   mondta Fekete Bal\u00e1zs m\u00fazeumpedag\u00f3gus.<\/p>\n<p>\u00d6sszesen nyolc \u00e1llom\u00e1s van a Rept\u00e1r Mozaik M\u00fazeumt\u00farab\u00e9li programj\u00e1ban, de a j\u00f6v\u0151ben is tervezik a kitelep\u00fcl\u00e9seket. Nemcsak orsz\u00e1gon bel\u00fcli telep\u00fcl\u00e9sekre l\u00e1togatn\u00e1nak el, hanem hat\u00e1rainkon t\u00falra is. Ennek c\u00e9lja, hogy min\u00e9l t\u00f6bben megismerj\u00e9k Szolnok leg\u00fajabb turisztikai attrakci\u00f3j\u00e1t \u00e9s n\u00f6velj\u00e9k az am\u00fagy sem alacsony  &#8211;   tavalyi 100.000 -es &#8211; l\u00e1togat\u00f3i sz\u00e1mot. Erre ny\u00fajt egy \u00fajabb lehet\u0151s\u00e9get m\u00e1rcius 11-i, amikor megrendezik az els\u0151 Rept\u00e1r Kup\u00e1t.<\/p>\n<p>&#8211; Az itt tal\u00e1lhat\u00f3 szimul\u00e1torokban tudnak egy imit\u00e1lt l\u00e9giharcban megk\u00fczdeni egym\u00e1ssal a l\u00e1togat\u00f3k.&#8221;  &#8211;   tette hozz\u00e1 Fekete Bal\u00e1zs.<\/p>\n<p>Alattad k\u00e9t tonna virtu\u00e1lis \u00fczemanyag, sz\u00e1z\u00f6tven virtu\u00e1lis l\u0151szer \u00e9s feld\u00fcb\u00f6r\u00f6g a h\u00e9tperces, egy-egy elleni l\u00e9giharc  &#8211;   hirdeti a Rept\u00e1r, melynek weboldal\u00e1n lehet jelentkezni a szimul\u00e1torbajnoks\u00e1gra.<\/p>\n<div style=\"width: 640px;\" class=\"wp-video\"><!--[if lt IE 9]><script>document.createElement('video');<\/script><![endif]-->\n<video class=\"wp-video-shortcode\" id=\"video-8230-1\" width=\"640\" height=\"360\" preload=\"metadata\" controls=\"controls\"><source type=\"video\/mp4\" src=\"\/spots\/hir\/hir_180215_02.mp4?_=1\" \/><a href=\"\/spots\/hir\/hir_180215_02.mp4\">\/spots\/hir\/hir_180215_02.mp4<\/a><\/video><\/div>\n","protected":false},"excerpt":{"rendered":"<p>\u00c1ltal\u00e1nos iskol\u00e1kba telep\u00fcl ki a Rept\u00e1r. A Mozaik M\u00fazeumt\u00fara remek alkalom arra, hogy a gyerekek k\u00f6zelebb ker\u00fclhessenek a kult\u00far\u00e1hoz, a m\u00fazeumi pedag\u00f3gi\u00e1hoz \u00e9s \u00e9lm\u00e9nyekhez. A szolnoki rep\u00fcl\u0151m\u00fazeum m\u00e1r 4 \u00e1llom\u00e1son t\u00fal van, budapesti \u00e9s vid\u00e9ki int\u00e9zm\u00e9nyekben is j\u00e1rtak m\u00e1r. -Mi vissz\u00fck a k\u00fcl\u00f6nb\u00f6z\u0151 \u00e9rdekes okoseszk\u00f6zeinket, VR szem\u00fcvegeinket n\u00e9h\u00e1ny kisebb ki\u00e1ll\u00edt\u00e1si t\u00e1rgyat, amit el tudunk vinni [&hellip;]<\/p>\n","protected":false},"author":2,"featured_media":0,"comment_status":"closed","ping_status":"closed","sticky":false,"template":"","format":"standard","meta":[],"categories":[9],"tags":[],"_links":{"self":[{"href":"http:\/\/archiv.szolnoktv.hu\/index.php?rest_route=\/wp\/v2\/posts\/8230"}],"collection":[{"href":"http:\/\/archiv.szolnoktv.hu\/index.php?rest_route=\/wp\/v2\/posts"}],"about":[{"href":"http:\/\/archiv.szolnoktv.hu\/index.php?rest_route=\/wp\/v2\/types\/post"}],"author":[{"embeddable":true,"href":"http:\/\/archiv.szolnoktv.hu\/index.php?rest_route=\/wp\/v2\/users\/2"}],"replies":[{"embeddable":true,"href":"http:\/\/archiv.szolnoktv.hu\/index.php?rest_route=%2Fwp%2Fv2%2Fcomments&post=8230"}],"version-history":[{"count":1,"href":"http:\/\/archiv.szolnoktv.hu\/index.php?rest_route=\/wp\/v2\/posts\/8230\/revisions"}],"predecessor-version":[{"id":8247,"href":"http:\/\/archiv.szolnoktv.hu\/index.php?rest_route=\/wp\/v2\/posts\/8230\/revisions\/8247"}],"wp:attachment":[{"href":"http:\/\/archiv.szolnoktv.hu\/index.php?rest_route=%2Fwp%2Fv2%2Fmedia&parent=8230"}],"wp:term":[{"taxonomy":"category","embeddable":true,"href":"http:\/\/archiv.szolnoktv.hu\/index.php?rest_route=%2Fwp%2Fv2%2Fcategories&post=8230"},{"taxonomy":"post_tag","embeddable":true,"href":"http:\/\/archiv.szolnoktv.hu\/index.php?rest_route=%2Fwp%2Fv2%2Ftags&post=8230"}],"curies":[{"name":"wp","href":"https:\/\/api.w.org\/{rel}","templated":true}]}}