{"id":8229,"date":"2018-02-15T13:36:00","date_gmt":"2018-02-15T13:36:00","guid":{"rendered":"http:\/\/archiv.szolnoktv.hu\/?p=8229"},"modified":"2021-08-13T18:36:27","modified_gmt":"2021-08-13T18:36:27","slug":"lovas-polgarorok-jaroroznek","status":"publish","type":"post","link":"http:\/\/archiv.szolnoktv.hu\/?p=8229","title":{"rendered":"Lovas polg\u00e1r\u0151r\u00f6k j\u00e1r\u0151r\u00f6znek"},"content":{"rendered":"<div class='booster-block booster-read-block'><\/div><p>Lov\u00e1t nyergeli G\u00e1l Jen\u0151. \u00d5 egyike annak az 5 polg\u00e1r\u0151rnek, akik l\u00f3h\u00e1ton teljes\u00edthetnek szolg\u00e1latot. Miel\u0151tt l\u00f3ra \u00fclhetnek vizsg\u00e1zniuk kell, az \u00e1ltal\u00e1nos polg\u00e1r\u0151ri mellett k\u00fcl\u00f6n l\u00f3ra is. Ismerni kell ugyanis az \u00e1llatot, reakci\u00f3it \u00e9s a szolg\u00e1lathoz sz\u00fcks\u00e9ges felszerel\u00e9seket is. De nem csak a polg\u00e1r\u0151r, hanem a l\u00f3 is vizsg\u00e1zik  &#8211;   felk\u00e9sz\u00edt\u00e9se 4-5 \u00e9vet vesz ig\u00e9nybe. Szolg\u00e1latteljes\u00edt\u00e9s k\u00f6zben k\u00fcls\u0151 k\u00f6r\u00fclm\u00e9nyeket figyelmen k\u00edv\u00fcl kell hagyniuk, p\u00e9ld\u00e1ul nem ijedhet meg a t\u0171zt\u0151l, szir\u00e9n\u00e1t\u00f3l, l\u00f6v\u00e9sekt\u0151l, de aut\u00f3kt\u00f3l se.<\/p>\n<p>-Erre itt h\u00e1tul van egy kik\u00e9pz\u0151 p\u00e1lya, ahol h\u00eddon, v\u00edzen kell tudni menni a lovaknak, s\u0151t menet k\u00f6zben dob\u00e1ljuk \u0151ket PET palackkal, mert bevet\u00e9s k\u00f6zben el\u0151fordulhat, hogy atrocit\u00e1s \u00e9ri a lovas polg\u00e1r\u0151r\u00f6ket \u00e9s a l\u00f3 ne riadjon meg \u00e9s ne csin\u00e1ljon balesetet a riadalm\u00e1val.&#8221;  &#8211;   mondta G\u00e1l Jen\u0151 lovas polg\u00e1r\u0151r.<\/p>\n<p>A lovas polg\u00e1r\u0151r\u00f6k ritk\u00e1n j\u00e1r\u0151r\u00f6znek v\u00e1rosban, els\u0151sorban a k\u00fclter\u00fcleteket, tany\u00e1kat, mez\u0151gazdas\u00e1gi ter\u00fcleteket, erd\u0151ket figyelik.<\/p>\n<p>-Nek\u00fcnk a k\u00fclter\u00fclet az\u00e9rt a profilunk, mert a l\u00f3 \u00e1rkon-bokron \u00e1t tud menni, hi\u00e1ba van ak\u00e1rmilyen terepj\u00e1r\u00f3 \u00e1rkon-bokron az nem tud \u00e1tmenni \u00e9s mi meg c\u00e9lir\u00e1nyosan tudunk menni, nem kell utakat keresni, b\u00e1rhol meg tudjuk k\u00f6zel\u00edteni azt az objektumot, amit v\u00e9delmet ig\u00e9nyel. A fatolvajl\u00e1s az els\u0151, amikre figyeln\u00fcnk kell \u00e9s az illeg\u00e1lis szem\u00e9tlerak\u00f3k egyre n\u0151nek, ezekre expon\u00e1lunk.&#8221;  &#8211;   tette hozz\u00e1 G\u00e1l Jen\u0151.<\/p>\n<p>A lovasok j\u00e1r\u0151r\u00f6z\u0151 szolg\u00e1latuk sor\u00e1n sokkal t\u00f6bbet tapasztalnak, mint a ter\u00fcletet gyalogosan vagy g\u00e9pj\u00e1rm\u0171vel bej\u00e1r\u00f3 t\u00e1rsaik. Neh\u00e9z id\u0151j\u00e1r\u00e1si \u00e9s terepviszonyok eset\u00e9n is bevethet\u0151ek, a h\u00f3 bor\u00edtotta ter\u00fcleteken k\u00f6nnyebb is k\u00f6nnyebben k\u00f6zlekednek.<\/p>\n<p>-Teljesen megsz\u0171nt a term\u00e9nylop\u00e1s, a falop\u00e1sok is megsz\u0171ntek \u00e9s a tanyavil\u00e1gban is nagyon \u00f6r\u00fclnek az id\u0151sek, hogy megy\u00fcnk, nekik bev\u00e1s\u00e1rolunk, de gy\u00f3gyszereket is sz\u00e1ll\u00edtunk ki.&#8221;  &#8211;   mondta B\u00f3di Andor eln\u00f6k.<\/p>\n<p>Sz\u00fcks\u00e9g van a lovas polg\u00e1r\u0151r\u00f6kre, \u00e9ppen ez\u00e9rt a jelenlegi 5 f\u0151s \u00e1llom\u00e1nyt szeretn\u00e9k megdupl\u00e1zni  &#8211;   tette hozz\u00e1 B\u00f3di Andor.<\/p>\n<div style=\"width: 640px;\" class=\"wp-video\"><!--[if lt IE 9]><script>document.createElement('video');<\/script><![endif]-->\n<video class=\"wp-video-shortcode\" id=\"video-8229-1\" width=\"640\" height=\"360\" preload=\"metadata\" controls=\"controls\"><source type=\"video\/mp4\" src=\"\/spots\/hir\/hir_180215_01.mp4?_=1\" \/><a href=\"\/spots\/hir\/hir_180215_01.mp4\">\/spots\/hir\/hir_180215_01.mp4<\/a><\/video><\/div>\n","protected":false},"excerpt":{"rendered":"<p>Lov\u00e1t nyergeli G\u00e1l Jen\u0151. \u00d5 egyike annak az 5 polg\u00e1r\u0151rnek, akik l\u00f3h\u00e1ton teljes\u00edthetnek szolg\u00e1latot. Miel\u0151tt l\u00f3ra \u00fclhetnek vizsg\u00e1zniuk kell, az \u00e1ltal\u00e1nos polg\u00e1r\u0151ri mellett k\u00fcl\u00f6n l\u00f3ra is. Ismerni kell ugyanis az \u00e1llatot, reakci\u00f3it \u00e9s a szolg\u00e1lathoz sz\u00fcks\u00e9ges felszerel\u00e9seket is. De nem csak a polg\u00e1r\u0151r, hanem a l\u00f3 is vizsg\u00e1zik &#8211; felk\u00e9sz\u00edt\u00e9se 4-5 \u00e9vet vesz ig\u00e9nybe. Szolg\u00e1latteljes\u00edt\u00e9s [&hellip;]<\/p>\n","protected":false},"author":2,"featured_media":0,"comment_status":"closed","ping_status":"closed","sticky":false,"template":"","format":"standard","meta":[],"categories":[9],"tags":[],"_links":{"self":[{"href":"http:\/\/archiv.szolnoktv.hu\/index.php?rest_route=\/wp\/v2\/posts\/8229"}],"collection":[{"href":"http:\/\/archiv.szolnoktv.hu\/index.php?rest_route=\/wp\/v2\/posts"}],"about":[{"href":"http:\/\/archiv.szolnoktv.hu\/index.php?rest_route=\/wp\/v2\/types\/post"}],"author":[{"embeddable":true,"href":"http:\/\/archiv.szolnoktv.hu\/index.php?rest_route=\/wp\/v2\/users\/2"}],"replies":[{"embeddable":true,"href":"http:\/\/archiv.szolnoktv.hu\/index.php?rest_route=%2Fwp%2Fv2%2Fcomments&post=8229"}],"version-history":[{"count":1,"href":"http:\/\/archiv.szolnoktv.hu\/index.php?rest_route=\/wp\/v2\/posts\/8229\/revisions"}],"predecessor-version":[{"id":8248,"href":"http:\/\/archiv.szolnoktv.hu\/index.php?rest_route=\/wp\/v2\/posts\/8229\/revisions\/8248"}],"wp:attachment":[{"href":"http:\/\/archiv.szolnoktv.hu\/index.php?rest_route=%2Fwp%2Fv2%2Fmedia&parent=8229"}],"wp:term":[{"taxonomy":"category","embeddable":true,"href":"http:\/\/archiv.szolnoktv.hu\/index.php?rest_route=%2Fwp%2Fv2%2Fcategories&post=8229"},{"taxonomy":"post_tag","embeddable":true,"href":"http:\/\/archiv.szolnoktv.hu\/index.php?rest_route=%2Fwp%2Fv2%2Ftags&post=8229"}],"curies":[{"name":"wp","href":"https:\/\/api.w.org\/{rel}","templated":true}]}}