{"id":8227,"date":"2018-02-14T17:04:15","date_gmt":"2018-02-14T17:04:15","guid":{"rendered":"http:\/\/archiv.szolnoktv.hu\/?p=8227"},"modified":"2021-08-13T18:36:28","modified_gmt":"2021-08-13T18:36:28","slug":"atadtak-a-matyas-rajzpalyazat-dijait","status":"publish","type":"post","link":"http:\/\/archiv.szolnoktv.hu\/?p=8227","title":{"rendered":"\u00c1tadt\u00e1k a M\u00e1ty\u00e1s rajzp\u00e1ly\u00e1zat d\u00edjait"},"content":{"rendered":"<div class='booster-block booster-read-block'><\/div><p>Sz\u00e1mos rajzfilm, k\u00e9preg\u00e9ny, mesek\u00f6nyv sz\u00fcletett az id\u0151k folyam\u00e1n igazs\u00e1gos kir\u00e1lyunk tetteir\u0151l. M\u00e1ty\u00e1s megihlette a m\u0171v\u00e9szeket, az illusztr\u00e1torokat \u00e9s a gyerekeket is. Ezt bizony\u00edtja, hogy a v\u00e1rt\u00e1l is t\u00f6bben p\u00e1ly\u00e1ztak a Szandasz\u0151l\u0151si M\u0171vel\u0151d\u00e9si H\u00e1z felh\u00edv\u00e1s\u00e1ra.<\/p>\n<p>&#8220;Febru\u00e1r m\u00e1sodika volt a hat\u00e1rid\u0151, akkor kellett leadni a p\u00e1ly\u00e1zatokat. Megkerest\u00fcnk minden szolnoki \u00e1ltal\u00e1nos iskol\u00e1t \u00e9s mindegyikt\u0151l kaptunk sikeresen gy\u00f6ny\u00f6r\u0171 sz\u00e9p p\u00e1lyamunk\u00e1kat amik itt l\u00e1that\u00f3k a parav\u00e1nokon.&#8221; &#8211; tudtuk meg  Bulbuk Korn\u00e9lia m\u0171vel\u0151d\u00e9sszervez\u0151t\u0151l.<\/p>\n<p>A p\u00e1ly\u00e1zatot k\u00e9t korcsoportban hirdett\u00e9k meg. Az els\u0151 kateg\u00f3ria gy\u0151ztese Balla R\u00e9ka lett.<\/p>\n<p>&#8220;Sz\u00ednes ceruz\u00e1val csin\u00e1ltam \u00e9s h\u00e1t \u00fagy k\u00f6r\u00fclbel\u00fcl k\u00e9t \u00f3ra, h\u00e1rom \u00f3r\u00e1ig k\u00e9sz\u00fclt \u00e9s az volt a neheze, hogy \u00fagy kellett megcsin\u00e1lni, hogy ne l\u00e1tsz\u00f3djanak nagyon a vonalak, teh\u00e1t ahogy sz\u00ednezt\u00fck.&#8221;<\/p>\n<p>Az id\u0151sebbek kateg\u00f3ri\u00e1j\u00e1ban Stummer Bianka rajza bizonyult a legjobbnak.<\/p>\n<p>&#8220;\u00c9n ilyen rajz szakk\u00f6re j\u00e1rok \u00e9s a tan\u00e1rom benevezett erre a versenyre. \u00c9n ennek nagyon \u00f6r\u00fcltem mert m\u00e9g soha nem voltam ilyen rajzversenyen \u00e9s akkor gondoltam, hogy a legt\u00f6bbet kihozzam magamb\u00f3l \u00e9s elk\u00e9sz\u00edtsem a legjobb rajzot amit tudok k\u00e9sz\u00edteni.&#8221;<\/p>\n<p>A be\u00e9rkezett m\u0171veket Czebe Katalin \u00e9s Sz\u00e1vai Istv\u00e1n a Vizu\u00e1lis M\u0171v\u00e9szeti iskola volt igazgat\u00f3- helyettese b\u00edr\u00e1lta el. A M\u00e1ty\u00e1s- \u00e9v kapcs\u00e1n be\u00e9rkezett alkot\u00e1sok febru\u00e1r 23- ig tekinthet\u0151k meg a Szandasz\u0151l\u0151si M\u0171vel\u0151d\u00e9si H\u00e1zban. <\/p>\n<div style=\"width: 640px;\" class=\"wp-video\"><!--[if lt IE 9]><script>document.createElement('video');<\/script><![endif]-->\n<video class=\"wp-video-shortcode\" id=\"video-8227-1\" width=\"640\" height=\"360\" preload=\"metadata\" controls=\"controls\"><source type=\"video\/mp4\" src=\"\/spots\/hir\/hir_180214_06.mp4?_=1\" \/><a href=\"\/spots\/hir\/hir_180214_06.mp4\">\/spots\/hir\/hir_180214_06.mp4<\/a><\/video><\/div>\n","protected":false},"excerpt":{"rendered":"<p>Sz\u00e1mos rajzfilm, k\u00e9preg\u00e9ny, mesek\u00f6nyv sz\u00fcletett az id\u0151k folyam\u00e1n igazs\u00e1gos kir\u00e1lyunk tetteir\u0151l. M\u00e1ty\u00e1s megihlette a m\u0171v\u00e9szeket, az illusztr\u00e1torokat \u00e9s a gyerekeket is. Ezt bizony\u00edtja, hogy a v\u00e1rt\u00e1l is t\u00f6bben p\u00e1ly\u00e1ztak a Szandasz\u0151l\u0151si M\u0171vel\u0151d\u00e9si H\u00e1z felh\u00edv\u00e1s\u00e1ra. &#8220;Febru\u00e1r m\u00e1sodika volt a hat\u00e1rid\u0151, akkor kellett leadni a p\u00e1ly\u00e1zatokat. Megkerest\u00fcnk minden szolnoki \u00e1ltal\u00e1nos iskol\u00e1t \u00e9s mindegyikt\u0151l kaptunk sikeresen gy\u00f6ny\u00f6r\u0171 sz\u00e9p [&hellip;]<\/p>\n","protected":false},"author":2,"featured_media":0,"comment_status":"closed","ping_status":"closed","sticky":false,"template":"","format":"standard","meta":[],"categories":[9],"tags":[],"_links":{"self":[{"href":"http:\/\/archiv.szolnoktv.hu\/index.php?rest_route=\/wp\/v2\/posts\/8227"}],"collection":[{"href":"http:\/\/archiv.szolnoktv.hu\/index.php?rest_route=\/wp\/v2\/posts"}],"about":[{"href":"http:\/\/archiv.szolnoktv.hu\/index.php?rest_route=\/wp\/v2\/types\/post"}],"author":[{"embeddable":true,"href":"http:\/\/archiv.szolnoktv.hu\/index.php?rest_route=\/wp\/v2\/users\/2"}],"replies":[{"embeddable":true,"href":"http:\/\/archiv.szolnoktv.hu\/index.php?rest_route=%2Fwp%2Fv2%2Fcomments&post=8227"}],"version-history":[{"count":1,"href":"http:\/\/archiv.szolnoktv.hu\/index.php?rest_route=\/wp\/v2\/posts\/8227\/revisions"}],"predecessor-version":[{"id":8250,"href":"http:\/\/archiv.szolnoktv.hu\/index.php?rest_route=\/wp\/v2\/posts\/8227\/revisions\/8250"}],"wp:attachment":[{"href":"http:\/\/archiv.szolnoktv.hu\/index.php?rest_route=%2Fwp%2Fv2%2Fmedia&parent=8227"}],"wp:term":[{"taxonomy":"category","embeddable":true,"href":"http:\/\/archiv.szolnoktv.hu\/index.php?rest_route=%2Fwp%2Fv2%2Fcategories&post=8227"},{"taxonomy":"post_tag","embeddable":true,"href":"http:\/\/archiv.szolnoktv.hu\/index.php?rest_route=%2Fwp%2Fv2%2Ftags&post=8227"}],"curies":[{"name":"wp","href":"https:\/\/api.w.org\/{rel}","templated":true}]}}