{"id":8225,"date":"2018-02-14T14:24:54","date_gmt":"2018-02-14T14:24:54","guid":{"rendered":"http:\/\/archiv.szolnoktv.hu\/?p=8225"},"modified":"2021-08-13T18:36:28","modified_gmt":"2021-08-13T18:36:28","slug":"valentin-napi-mini-tarlat-a-damjanich-janos-muzeumban","status":"publish","type":"post","link":"http:\/\/archiv.szolnoktv.hu\/?p=8225","title":{"rendered":"Valentin-napi -mini&#8221; t\u00e1rlat a Damjanich J\u00e1nos M\u00fazeumban"},"content":{"rendered":"<div class='booster-block booster-read-block'><\/div><p>A r\u00e9gi kor romantik\u00e1ja elevenedne meg a szolnoki Damjanich J\u00e1nos M\u00fazeumban. N\u00e9pi zene \u00e9s szerelmi t\u00e1rgyak fogadj\u00e1k a bel\u00e9p\u0151ket Valentin-nap alkalm\u00e1b\u00f3l.<\/p>\n<p>-Az \u00f6tlet Barl\u00e1n\u00e9 Kul\u00e1nda Krisztina koll\u00e9gan\u0151mt\u0151l \u00e9rkezett, hogy id\u00e9n mi is kapcsol\u00f3djunk valamilyen m\u00f3don a Valentin-naphoz, \u00e9s \u00e9n mint n\u00e9prajzkutat\u00f3 \u00fagy gondoltam, hogy a n\u00e9prajzi gy\u0171jtem\u00e9nyben, ha nem is Valentin-naphoz szorosan k\u00f6t\u0151d\u0151 t\u00e1rgyakat, de szerelmi aj\u00e1nd\u00e9kokat  tudunk esetleg felmutatni.&#8221; &#8211; mondta  T\u00f3th Zsanett, n\u00e9prajzkutat\u00f3 \u00e9s m\u00fazeumpedag\u00f3gus.<\/p>\n<p>A ki\u00e1ll\u00edt\u00e1son legf\u0151k\u00e9ppen a n\u0151ket szimboliz\u00e1l\u00f3 aj\u00e1nd\u00e9kokat lehet megtekinteni. Fon\u00e1shoz haszn\u00e1lt guszaly, csigacsin\u00e1l\u00f3 deszka, m\u00e9zeskal\u00e1cs mintafa. K\u00fcl\u00f6nleges m\u00f3don megmunk\u00e1lt faeszk\u00f6z\u00f6k, amik nem csak hasznosak voltak, de d\u00edsz\u00edt\u00e9s\u00fck m\u00e9g mai is kifejezi az aj\u00e1nd\u00e9koz\u00f3 leg\u00e9ny szerelm\u00e9t.<\/p>\n<p>-A jegyaj\u00e1nd\u00e9kokhoz f\u0151leg a jegykend\u0151, ami tartozik, az pontosan most nincs itt a vitrinben, teh\u00e1t itt olyan t\u00e1rgyak vannak most a vitrinben, amelyek az udvarl\u00e1st\u00f3l a h\u00e1zass\u00e1gig elk\u00eds\u00e9rik a fiatalokat, de a jegyaj\u00e1nd\u00e9kok m\u00e1r \u00e1ltal\u00e1ban valamilyen \u00e9rt\u00e9kesebb t\u00e1rgyak szoktak lenni, teh\u00e1t ezek ilyen f\u0151leg udvarl\u00e1ssal kapcsolatos szerelmet kifejez\u0151 t\u00e1rgyak.&#8221; &#8211; tette hozz\u00e1 T\u00f3th Zsanett.<\/p>\n<p>B\u00e1r n\u00e9prajzilag nincs hagyom\u00e1nya a Valentin-napnak, a m\u00fazeumban nem csak a ki\u00e1ll\u00edtott t\u00e1rgyakkal szerett\u00e9k volna megragadni az \u00fcnnep hangulat\u00e1t. Egy fot\u00f3 keret\u00e9ben beleb\u00fajhattak a r\u00e9gi kor p\u00e1rjainak b\u0151r\u00e9be vagy \u00e9ppen szerelmes \u00fczeneteket hagyhattak maguk ut\u00e1n, amiket a k\u00f6z\u00f6ss\u00e9gi oldalukra sz\u00e1n a m\u00fazeum.<\/p>\n<div style=\"width: 640px;\" class=\"wp-video\"><!--[if lt IE 9]><script>document.createElement('video');<\/script><![endif]-->\n<video class=\"wp-video-shortcode\" id=\"video-8225-1\" width=\"640\" height=\"360\" preload=\"metadata\" controls=\"controls\"><source type=\"video\/mp4\" src=\"\/spots\/hir\/hir_180214_03.mp4?_=1\" \/><a href=\"\/spots\/hir\/hir_180214_03.mp4\">\/spots\/hir\/hir_180214_03.mp4<\/a><\/video><\/div>\n","protected":false},"excerpt":{"rendered":"<p>A r\u00e9gi kor romantik\u00e1ja elevenedne meg a szolnoki Damjanich J\u00e1nos M\u00fazeumban. N\u00e9pi zene \u00e9s szerelmi t\u00e1rgyak fogadj\u00e1k a bel\u00e9p\u0151ket Valentin-nap alkalm\u00e1b\u00f3l. -Az \u00f6tlet Barl\u00e1n\u00e9 Kul\u00e1nda Krisztina koll\u00e9gan\u0151mt\u0151l \u00e9rkezett, hogy id\u00e9n mi is kapcsol\u00f3djunk valamilyen m\u00f3don a Valentin-naphoz, \u00e9s \u00e9n mint n\u00e9prajzkutat\u00f3 \u00fagy gondoltam, hogy a n\u00e9prajzi gy\u0171jtem\u00e9nyben, ha nem is Valentin-naphoz szorosan k\u00f6t\u0151d\u0151 t\u00e1rgyakat, de [&hellip;]<\/p>\n","protected":false},"author":2,"featured_media":0,"comment_status":"closed","ping_status":"closed","sticky":false,"template":"","format":"standard","meta":[],"categories":[9],"tags":[],"_links":{"self":[{"href":"http:\/\/archiv.szolnoktv.hu\/index.php?rest_route=\/wp\/v2\/posts\/8225"}],"collection":[{"href":"http:\/\/archiv.szolnoktv.hu\/index.php?rest_route=\/wp\/v2\/posts"}],"about":[{"href":"http:\/\/archiv.szolnoktv.hu\/index.php?rest_route=\/wp\/v2\/types\/post"}],"author":[{"embeddable":true,"href":"http:\/\/archiv.szolnoktv.hu\/index.php?rest_route=\/wp\/v2\/users\/2"}],"replies":[{"embeddable":true,"href":"http:\/\/archiv.szolnoktv.hu\/index.php?rest_route=%2Fwp%2Fv2%2Fcomments&post=8225"}],"version-history":[{"count":1,"href":"http:\/\/archiv.szolnoktv.hu\/index.php?rest_route=\/wp\/v2\/posts\/8225\/revisions"}],"predecessor-version":[{"id":8252,"href":"http:\/\/archiv.szolnoktv.hu\/index.php?rest_route=\/wp\/v2\/posts\/8225\/revisions\/8252"}],"wp:attachment":[{"href":"http:\/\/archiv.szolnoktv.hu\/index.php?rest_route=%2Fwp%2Fv2%2Fmedia&parent=8225"}],"wp:term":[{"taxonomy":"category","embeddable":true,"href":"http:\/\/archiv.szolnoktv.hu\/index.php?rest_route=%2Fwp%2Fv2%2Fcategories&post=8225"},{"taxonomy":"post_tag","embeddable":true,"href":"http:\/\/archiv.szolnoktv.hu\/index.php?rest_route=%2Fwp%2Fv2%2Ftags&post=8225"}],"curies":[{"name":"wp","href":"https:\/\/api.w.org\/{rel}","templated":true}]}}