{"id":8224,"date":"2018-02-14T14:23:28","date_gmt":"2018-02-14T14:23:28","guid":{"rendered":"http:\/\/archiv.szolnoktv.hu\/?p=8224"},"modified":"2021-08-13T18:36:28","modified_gmt":"2021-08-13T18:36:28","slug":"ovodasok-a-studioban","status":"publish","type":"post","link":"http:\/\/archiv.szolnoktv.hu\/?p=8224","title":{"rendered":"\u00d3vod\u00e1sok a st\u00fadi\u00f3ban"},"content":{"rendered":"<div class='booster-block booster-read-block'><\/div><p>K\u00f6z\u00e9p- \u00e9s \u00e1ltal\u00e1nos iskol\u00e1s vend\u00e9geink ut\u00e1n a legfiatalabbakon volt a sor.. El\u0151sz\u00f6r l\u00e1togattak \u00f3vod\u00e1sok a Szolnok Telev\u00edzi\u00f3 st\u00fadi\u00f3j\u00e1ba. Val\u00f3s\u00e1gos vet\u00e9lked\u00e9s folyt a m\u0171sorvezet\u0151i sz\u00e9k\u00e9rt. Nem v\u00e9letlen\u00fcl&#8230; &#8211; a kamera el\u0151tt, a l\u00e1mp\u00e1k keresztt\u00fcz\u00e9ben v\u00e1lik igazi t\u00e9v\u00e9ss\u00e9 a pr\u00f3b\u00e1lkoz\u00f3. Persze ami ebben a korban a legfontosabb- a mese az ami a k\u00e9perny\u0151 el\u00e9 szegezi a gyerekeket. Danyi Zsuzsanna koll\u00e9gan\u0151nk a s\u00fcnir\u0151l mes\u00e9lt a s\u00fcni csoportosoknak. A Csicserg\u0151 \u00d3voda programj\u00e1ban kiemelt helyen szerepel a v\u00e1ros k\u00f6zint\u00e9zm\u00e9nyeivel val\u00f3 ismerked\u00e9s. \u00cdgy jutottak el szerkeszt\u0151s\u00e9g\u00fcnkbe is. Tudtuk meg Szemer\u00e1dyn\u00e9 Rim\u00f3czi Marianna \u00f3vodapedag\u00f3gust\u00f3l.<\/p>\n<p>&#8220;Mindenk\u00e9pp nagyon fontos \u00e9lm\u00e9nyk\u00e9nt fogj\u00e1k ezt meg\u00e9lni, nagyon sok olyan eszk\u00f6zzel tal\u00e1lkoztak ami sz\u00e1mukra k\u00e9s\u0151bb ez a j\u00e1t\u00e9ktev\u00e9kenys\u00e9gekben is meg fog jelenni.&#8221;<\/p>\n<p>A Csicserg\u0151 \u00d3voda s\u00fcni csoportja j\u00e1t\u00e9kos \u00e9lm\u00e9nybesz\u00e1mol\u00f3val \u00f6sszegzi majd a l\u00e1tottakat. Szerkeszt\u0151s\u00e9g\u00fcnk a tov\u00e1bbiakban is lehet\u0151s\u00e9get biztos\u00edt gyermekcsoportok fogad\u00e1s\u00e1ra.<\/p>\n<div style=\"width: 640px;\" class=\"wp-video\"><!--[if lt IE 9]><script>document.createElement('video');<\/script><![endif]-->\n<video class=\"wp-video-shortcode\" id=\"video-8224-1\" width=\"640\" height=\"360\" preload=\"metadata\" controls=\"controls\"><source type=\"video\/mp4\" src=\"\/spots\/hir\/hir_180214_04.mp4?_=1\" \/><a href=\"\/spots\/hir\/hir_180214_04.mp4\">\/spots\/hir\/hir_180214_04.mp4<\/a><\/video><\/div>\n","protected":false},"excerpt":{"rendered":"<p>K\u00f6z\u00e9p- \u00e9s \u00e1ltal\u00e1nos iskol\u00e1s vend\u00e9geink ut\u00e1n a legfiatalabbakon volt a sor.. El\u0151sz\u00f6r l\u00e1togattak \u00f3vod\u00e1sok a Szolnok Telev\u00edzi\u00f3 st\u00fadi\u00f3j\u00e1ba. Val\u00f3s\u00e1gos vet\u00e9lked\u00e9s folyt a m\u0171sorvezet\u0151i sz\u00e9k\u00e9rt. Nem v\u00e9letlen\u00fcl&#8230; &#8211; a kamera el\u0151tt, a l\u00e1mp\u00e1k keresztt\u00fcz\u00e9ben v\u00e1lik igazi t\u00e9v\u00e9ss\u00e9 a pr\u00f3b\u00e1lkoz\u00f3. Persze ami ebben a korban a legfontosabb- a mese az ami a k\u00e9perny\u0151 el\u00e9 szegezi a gyerekeket. [&hellip;]<\/p>\n","protected":false},"author":2,"featured_media":0,"comment_status":"closed","ping_status":"closed","sticky":false,"template":"","format":"standard","meta":[],"categories":[9],"tags":[],"_links":{"self":[{"href":"http:\/\/archiv.szolnoktv.hu\/index.php?rest_route=\/wp\/v2\/posts\/8224"}],"collection":[{"href":"http:\/\/archiv.szolnoktv.hu\/index.php?rest_route=\/wp\/v2\/posts"}],"about":[{"href":"http:\/\/archiv.szolnoktv.hu\/index.php?rest_route=\/wp\/v2\/types\/post"}],"author":[{"embeddable":true,"href":"http:\/\/archiv.szolnoktv.hu\/index.php?rest_route=\/wp\/v2\/users\/2"}],"replies":[{"embeddable":true,"href":"http:\/\/archiv.szolnoktv.hu\/index.php?rest_route=%2Fwp%2Fv2%2Fcomments&post=8224"}],"version-history":[{"count":1,"href":"http:\/\/archiv.szolnoktv.hu\/index.php?rest_route=\/wp\/v2\/posts\/8224\/revisions"}],"predecessor-version":[{"id":8253,"href":"http:\/\/archiv.szolnoktv.hu\/index.php?rest_route=\/wp\/v2\/posts\/8224\/revisions\/8253"}],"wp:attachment":[{"href":"http:\/\/archiv.szolnoktv.hu\/index.php?rest_route=%2Fwp%2Fv2%2Fmedia&parent=8224"}],"wp:term":[{"taxonomy":"category","embeddable":true,"href":"http:\/\/archiv.szolnoktv.hu\/index.php?rest_route=%2Fwp%2Fv2%2Fcategories&post=8224"},{"taxonomy":"post_tag","embeddable":true,"href":"http:\/\/archiv.szolnoktv.hu\/index.php?rest_route=%2Fwp%2Fv2%2Ftags&post=8224"}],"curies":[{"name":"wp","href":"https:\/\/api.w.org\/{rel}","templated":true}]}}