{"id":8223,"date":"2018-02-14T14:20:39","date_gmt":"2018-02-14T14:20:39","guid":{"rendered":"http:\/\/archiv.szolnoktv.hu\/?p=8223"},"modified":"2021-08-13T18:36:28","modified_gmt":"2021-08-13T18:36:28","slug":"holnap-ejfelig-lehet-jelentkezni-a-felsooktatasba","status":"publish","type":"post","link":"http:\/\/archiv.szolnoktv.hu\/?p=8223","title":{"rendered":"Holnap \u00e9jf\u00e9lig lehet jelentkezni a fels\u0151oktat\u00e1sba"},"content":{"rendered":"<div class='booster-block booster-read-block'><\/div><p>Holnap \u00e9jf\u00e9lig lehet jelentkezni a szeptemberben indul\u00f3 fels\u0151oktat\u00e1si k\u00e9pz\u00e9sekre. A jelentkez\u0151k t\u00f6bb k\u00e9pz\u00e9si form\u00e1b\u00f3l  &#8211;  a t\u00f6bbi k\u00f6z\u00f6tt nappali \u00e9s levelez\u0151-, valamint \u00e1llamilag finansz\u00edrozott \u00e9s k\u00f6lts\u00e9gt\u00e9r\u00edt\u00e9ses k\u00e9pz\u00e9sekb\u0151l v\u00e1logathatnak. A Neumann J\u00e1nos Egyetem Gazd\u00e1lkod\u00e1si Kar\u00e1n els\u0151sorban a p\u00e9nz\u00fcgyekhez, gazdas\u00e1ghoz \u00e9s a turizmushoz kapcsol\u00f3d\u00f3 szakokkal v\u00e1rj\u00e1k a jelentkez\u0151ket. <br \/>Holnap \u00e9jf\u00e9lig lehet jelentkezni a szeptemberben indul\u00f3 fels\u0151oktat\u00e1si k\u00e9pz\u00e9sekre. A jelentkez\u0151k t\u00f6bb k\u00e9pz\u00e9si form\u00e1b\u00f3l  &#8211;  a t\u00f6bbi k\u00f6z\u00f6tt nappali \u00e9s levelez\u0151-, valamint \u00e1llamilag finansz\u00edrozott \u00e9s k\u00f6lts\u00e9gt\u00e9r\u00edt\u00e9ses k\u00e9pz\u00e9sekb\u0151l v\u00e1logathatnak. A Neumann J\u00e1nos Egyetem Gazd\u00e1lkod\u00e1si Kar\u00e1n els\u0151sorban a p\u00e9nz\u00fcgyekhez, gazdas\u00e1ghoz \u00e9s a turizmushoz kapcsol\u00f3d\u00f3 szakokkal v\u00e1rj\u00e1k a jelentkez\u0151ket. <\/p>\n<p>Lakatos Vilmos mb. d\u00e9k\u00e1n al\u00e1h\u00fazta: -A hagyom\u00e1nyos gazd\u00e1lkod\u00e1studom\u00e1nyi k\u00e9pz\u00e9seinkkel v\u00e1rjuk \u0151ket. \u00c1llamilag finansz\u00edrozott, z\u00f6m\u00e9ben \u00e1llamilag finansz\u00edrozott fels\u0151oktat\u00e1si szakk\u00e9pz\u00e9si szakjainkon, illetve \u00e1llamilag finansz\u00edrozott \u00e9s \u00f6nk\u00f6lts\u00e9ges alapk\u00e9pz\u00e9si szakjainkon, ezen bel\u00fcl kereskedelem-marketing, turizmus-vend\u00e9gl\u00e1t\u00e1s, p\u00e9nz\u00fcgy \u00e9s sz\u00e1mvitel, valamint a nemzetk\u00f6zi gazd\u00e1lkod\u00e1s alapszakokon.&#8221;   <\/p>\n<p>A n\u00e9pszer\u0171bb szakok k\u00f6z\u00e9 tartozik a kereskedelem-marketing, illetve a p\u00e9nz\u00fcgy sz\u00e1mvitel is. Az ezeken a k\u00e9pz\u00e9seken diplom\u00e1t szerz\u0151 hallgat\u00f3k gyakorlatilag azonnal el tudnak helyezkedni, ugyanis a munkaad\u00f3knak sz\u00fcks\u00e9ge van az ilyen tud\u00e1ssal rendelkez\u0151 szakemberekre  &#8211;   mondta Lakatos Vilmos. A p\u00e9nz\u00fcgyekhez szorosan kapcsol\u00f3d\u00f3 szakok mellett ugyancsak n\u00e9pszer\u0171nek sz\u00e1m\u00edt a turizmus-vend\u00e9gl\u00e1t\u00e1s is, ahova szint\u00e9n nagy sz\u00e1mban jelentkeznek a felv\u00e9teliz\u0151k. A jelentkez\u0151knek jelent\u0151s anyagi megterhel\u00e9st jelenthet a k\u00f6lts\u00e9gt\u00e9r\u00edt\u00e9s kifizet\u00e9se, viszont a gazd\u00e1lkod\u00e1si kar erre a probl\u00e9m\u00e1ra is k\u00edn\u00e1l megold\u00e1st.<\/p>\n<p>-Ezt tudjuk kompenz\u00e1lni a k\u00fcl\u00f6nb\u00f6z\u0151 alap\u00edtv\u00e1nyaink, felaj\u00e1nl\u00e1saink \u00e1ltal. P\u00e9ld\u00e1ul Szolnok v\u00e1ros \u00f6szt\u00f6nd\u00edj\u00e1t szeretn\u00e9m kiemelni ebb\u0151l a szempontb\u00f3l, illetve az MNB k\u00fcl\u00f6nb\u00f6z\u0151 alap\u00edtv\u00e1nyait, amelyek ak\u00e1r teljes m\u00e9rt\u00e9kben tudj\u00e1k finansz\u00edrozni az \u00f6nk\u00f6lts\u00e9g\u00e9t a jelentkez\u0151knek, illetve a felvett hallgat\u00f3knak.&#8221;   &#8211; mondta Lakatos Vilmos<\/p>\n<p>A fels\u0151oktat\u00e1si jelentkez\u00e9s elektronikus form\u00e1ban t\u00f6rt\u00e9nik az E-felv\u00e9teli fel\u00fclet\u00e9n kereszt\u00fcl orsz\u00e1gszerte. A jelentkez\u0151k itt adhatj\u00e1k meg szem\u00e9lyes, illetve a k\u00f6telez\u0151 adataikat, valamint ingyenesen 3 jelentkez\u00e9si helyet jel\u00f6lhetnek meg. Maximum 6 helyet lehet megjel\u00f6lni, amely d\u00edj\u00e1t szint\u00e9n febru\u00e1r 15-e \u00e9jf\u00e9lig kell befizetni. A jelentkez\u00e9shez sz\u00fcks\u00e9ges a m\u00e1r rendelkez\u00e9sre \u00e1ll\u00f3 dokumentumok felt\u00f6lt\u00e9se is. A m\u00e9g hi\u00e1nyz\u00f3 iratokat pl. nyelvvizsga, vagy \u00e9retts\u00e9gi k\u00e9s\u0151bb tudj\u00e1k p\u00f3tolni, ugyancsak ezen a fel\u00fcleten a leend\u0151 hallgat\u00f3k. <br \/>Holnap \u00e9jf\u00e9lig lehet jelentkezni a szeptemberben indul\u00f3 fels\u0151oktat\u00e1si k\u00e9pz\u00e9sekre. A jelentkez\u0151k t\u00f6bb k\u00e9pz\u00e9si form\u00e1b\u00f3l  &#8211;  a t\u00f6bbi k\u00f6z\u00f6tt nappali \u00e9s levelez\u0151-, valamint \u00e1llamilag finansz\u00edrozott \u00e9s k\u00f6lts\u00e9gt\u00e9r\u00edt\u00e9ses k\u00e9pz\u00e9sekb\u0151l v\u00e1logathatnak. A Neumann J\u00e1nos Egyetem Gazd\u00e1lkod\u00e1si Kar\u00e1n els\u0151sorban a p\u00e9nz\u00fcgyekhez, gazdas\u00e1ghoz \u00e9s a turizmushoz kapcsol\u00f3d\u00f3 szakokkal v\u00e1rj\u00e1k a jelentkez\u0151ket. <\/p>\n<p>Lakatos Vilmos mb. d\u00e9k\u00e1n al\u00e1h\u00fazta: -A hagyom\u00e1nyos gazd\u00e1lkod\u00e1studom\u00e1nyi k\u00e9pz\u00e9seinkkel v\u00e1rjuk \u0151ket. \u00c1llamilag finansz\u00edrozott, z\u00f6m\u00e9ben \u00e1llamilag finansz\u00edrozott fels\u0151oktat\u00e1si szakk\u00e9pz\u00e9si szakjainkon, illetve \u00e1llamilag finansz\u00edrozott \u00e9s \u00f6nk\u00f6lts\u00e9ges alapk\u00e9pz\u00e9si szakjainkon, ezen bel\u00fcl kereskedelem-marketing, turizmus-vend\u00e9gl\u00e1t\u00e1s, p\u00e9nz\u00fcgy \u00e9s sz\u00e1mvitel, valamint a nemzetk\u00f6zi gazd\u00e1lkod\u00e1s alapszakokon.&#8221;   <\/p>\n<p>A n\u00e9pszer\u0171bb szakok k\u00f6z\u00e9 tartozik a kereskedelem-marketing, illetve a p\u00e9nz\u00fcgy sz\u00e1mvitel is. Az ezeken a k\u00e9pz\u00e9seken diplom\u00e1t szerz\u0151 hallgat\u00f3k gyakorlatilag azonnal el tudnak helyezkedni, ugyanis a munkaad\u00f3knak sz\u00fcks\u00e9ge van az ilyen tud\u00e1ssal rendelkez\u0151 szakemberekre  &#8211;   mondta Lakatos Vilmos. A p\u00e9nz\u00fcgyekhez szorosan kapcsol\u00f3d\u00f3 szakok mellett ugyancsak n\u00e9pszer\u0171nek sz\u00e1m\u00edt a turizmus-vend\u00e9gl\u00e1t\u00e1s is, ahova szint\u00e9n nagy sz\u00e1mban jelentkeznek a felv\u00e9teliz\u0151k. A jelentkez\u0151knek jelent\u0151s anyagi megterhel\u00e9st jelenthet a k\u00f6lts\u00e9gt\u00e9r\u00edt\u00e9s kifizet\u00e9se, viszont a gazd\u00e1lkod\u00e1si kar erre a probl\u00e9m\u00e1ra is k\u00edn\u00e1l megold\u00e1st.<\/p>\n<p>-Ezt tudjuk kompenz\u00e1lni a k\u00fcl\u00f6nb\u00f6z\u0151 alap\u00edtv\u00e1nyaink, felaj\u00e1nl\u00e1saink \u00e1ltal. P\u00e9ld\u00e1ul Szolnok v\u00e1ros \u00f6szt\u00f6nd\u00edj\u00e1t szeretn\u00e9m kiemelni ebb\u0151l a szempontb\u00f3l, illetve az MNB k\u00fcl\u00f6nb\u00f6z\u0151 alap\u00edtv\u00e1nyait, amelyek ak\u00e1r teljes m\u00e9rt\u00e9kben tudj\u00e1k finansz\u00edrozni az \u00f6nk\u00f6lts\u00e9g\u00e9t a jelentkez\u0151knek, illetve a felvett hallgat\u00f3knak.&#8221;   &#8211; mondta Lakatos Vilmos<\/p>\n<p>A fels\u0151oktat\u00e1si jelentkez\u00e9s elektronikus form\u00e1ban t\u00f6rt\u00e9nik az E-felv\u00e9teli fel\u00fclet\u00e9n kereszt\u00fcl orsz\u00e1gszerte. A jelentkez\u0151k itt adhatj\u00e1k meg szem\u00e9lyes, illetve a k\u00f6telez\u0151 adataikat, valamint ingyenesen 3 jelentkez\u00e9si helyet jel\u00f6lhetnek meg. Maximum 6 helyet lehet megjel\u00f6lni, amely d\u00edj\u00e1t szint\u00e9n febru\u00e1r 15-e \u00e9jf\u00e9lig kell befizetni. A jelentkez\u00e9shez sz\u00fcks\u00e9ges a m\u00e1r rendelkez\u00e9sre \u00e1ll\u00f3 dokumentumok felt\u00f6lt\u00e9se is. A m\u00e9g hi\u00e1nyz\u00f3 iratokat pl. nyelvvizsga, vagy \u00e9retts\u00e9gi k\u00e9s\u0151bb tudj\u00e1k p\u00f3tolni, ugyancsak ezen a fel\u00fcleten a leend\u0151 hallgat\u00f3k. <\/p>\n<p>Lakatos Vilmos mb. d\u00e9k\u00e1n al\u00e1h\u00fazta: -A hagyom\u00e1nyos gazd\u00e1lkod\u00e1studom\u00e1nyi k\u00e9pz\u00e9seinkkel v\u00e1rjuk \u0151ket. \u00c1llamilag finansz\u00edrozott, z\u00f6m\u00e9ben \u00e1llamilag finansz\u00edrozott fels\u0151oktat\u00e1si szakk\u00e9pz\u00e9si szakjainkon, illetve \u00e1llamilag finansz\u00edrozott \u00e9s \u00f6nk\u00f6lts\u00e9ges alapk\u00e9pz\u00e9si szakjainkon, ezen bel\u00fcl kereskedelem-marketing, turizmus-vend\u00e9gl\u00e1t\u00e1s, p\u00e9nz\u00fcgy \u00e9s sz\u00e1mvitel, valamint a nemzetk\u00f6zi gazd\u00e1lkod\u00e1s alapszakokon.&#8221;   <\/p>\n<p>A n\u00e9pszer\u0171bb szakok k\u00f6z\u00e9 tartozik a kereskedelem-marketing, illetve a p\u00e9nz\u00fcgy sz\u00e1mvitel is. Az ezeken a k\u00e9pz\u00e9seken diplom\u00e1t szerz\u0151 hallgat\u00f3k gyakorlatilag azonnal el tudnak helyezkedni, ugyanis a munkaad\u00f3knak sz\u00fcks\u00e9ge van az ilyen tud\u00e1ssal rendelkez\u0151 szakemberekre  &#8211;   mondta Lakatos Vilmos. A p\u00e9nz\u00fcgyekhez szorosan kapcsol\u00f3d\u00f3 szakok mellett ugyancsak n\u00e9pszer\u0171nek sz\u00e1m\u00edt a turizmus-vend\u00e9gl\u00e1t\u00e1s is, ahova szint\u00e9n nagy sz\u00e1mban jelentkeznek a felv\u00e9teliz\u0151k. A jelentkez\u0151knek jelent\u0151s anyagi megterhel\u00e9st jelenthet a k\u00f6lts\u00e9gt\u00e9r\u00edt\u00e9s kifizet\u00e9se, viszont a gazd\u00e1lkod\u00e1si kar erre a probl\u00e9m\u00e1ra is k\u00edn\u00e1l megold\u00e1st.<\/p>\n<p>-Ezt tudjuk kompenz\u00e1lni a k\u00fcl\u00f6nb\u00f6z\u0151 alap\u00edtv\u00e1nyaink, felaj\u00e1nl\u00e1saink \u00e1ltal. P\u00e9ld\u00e1ul Szolnok v\u00e1ros \u00f6szt\u00f6nd\u00edj\u00e1t szeretn\u00e9m kiemelni ebb\u0151l a szempontb\u00f3l, illetve az MNB k\u00fcl\u00f6nb\u00f6z\u0151 alap\u00edtv\u00e1nyait, amelyek ak\u00e1r teljes m\u00e9rt\u00e9kben tudj\u00e1k finansz\u00edrozni az \u00f6nk\u00f6lts\u00e9g\u00e9t a jelentkez\u0151knek, illetve a felvett hallgat\u00f3knak.&#8221;   &#8211; mondta Lakatos Vilmos<\/p>\n<p>A fels\u0151oktat\u00e1si jelentkez\u00e9s elektronikus form\u00e1ban t\u00f6rt\u00e9nik az E-felv\u00e9teli fel\u00fclet\u00e9n kereszt\u00fcl orsz\u00e1gszerte. A jelentkez\u0151k itt adhatj\u00e1k meg szem\u00e9lyes, illetve a k\u00f6telez\u0151 adataikat, valamint ingyenesen 3 jelentkez\u00e9si helyet jel\u00f6lhetnek meg. Maximum 6 helyet lehet megjel\u00f6lni, amely d\u00edj\u00e1t szint\u00e9n febru\u00e1r 15-e \u00e9jf\u00e9lig kell befizetni. A jelentkez\u00e9shez sz\u00fcks\u00e9ges a m\u00e1r rendelkez\u00e9sre \u00e1ll\u00f3 dokumentumok felt\u00f6lt\u00e9se is. A m\u00e9g hi\u00e1nyz\u00f3 iratokat pl. nyelvvizsga, vagy \u00e9retts\u00e9gi k\u00e9s\u0151bb tudj\u00e1k p\u00f3tolni, ugyancsak ezen a fel\u00fcleten a leend\u0151 hallgat\u00f3k. <\/p>\n<div style=\"width: 640px;\" class=\"wp-video\"><!--[if lt IE 9]><script>document.createElement('video');<\/script><![endif]-->\n<video class=\"wp-video-shortcode\" id=\"video-8223-1\" width=\"640\" height=\"360\" preload=\"metadata\" controls=\"controls\"><source type=\"video\/mp4\" src=\"\/spots\/hir\/hir_180214_02.mp4?_=1\" \/><a href=\"\/spots\/hir\/hir_180214_02.mp4\">\/spots\/hir\/hir_180214_02.mp4<\/a><\/video><\/div>\n","protected":false},"excerpt":{"rendered":"<p>Holnap \u00e9jf\u00e9lig lehet jelentkezni a szeptemberben indul\u00f3 fels\u0151oktat\u00e1si k\u00e9pz\u00e9sekre. A jelentkez\u0151k t\u00f6bb k\u00e9pz\u00e9si form\u00e1b\u00f3l &#8211; a t\u00f6bbi k\u00f6z\u00f6tt nappali \u00e9s levelez\u0151-, valamint \u00e1llamilag finansz\u00edrozott \u00e9s k\u00f6lts\u00e9gt\u00e9r\u00edt\u00e9ses k\u00e9pz\u00e9sekb\u0151l v\u00e1logathatnak. A Neumann J\u00e1nos Egyetem Gazd\u00e1lkod\u00e1si Kar\u00e1n els\u0151sorban a p\u00e9nz\u00fcgyekhez, gazdas\u00e1ghoz \u00e9s a turizmushoz kapcsol\u00f3d\u00f3 szakokkal v\u00e1rj\u00e1k a jelentkez\u0151ket. Holnap \u00e9jf\u00e9lig lehet jelentkezni a szeptemberben indul\u00f3 fels\u0151oktat\u00e1si k\u00e9pz\u00e9sekre. [&hellip;]<\/p>\n","protected":false},"author":2,"featured_media":0,"comment_status":"closed","ping_status":"closed","sticky":false,"template":"","format":"standard","meta":[],"categories":[9],"tags":[],"_links":{"self":[{"href":"http:\/\/archiv.szolnoktv.hu\/index.php?rest_route=\/wp\/v2\/posts\/8223"}],"collection":[{"href":"http:\/\/archiv.szolnoktv.hu\/index.php?rest_route=\/wp\/v2\/posts"}],"about":[{"href":"http:\/\/archiv.szolnoktv.hu\/index.php?rest_route=\/wp\/v2\/types\/post"}],"author":[{"embeddable":true,"href":"http:\/\/archiv.szolnoktv.hu\/index.php?rest_route=\/wp\/v2\/users\/2"}],"replies":[{"embeddable":true,"href":"http:\/\/archiv.szolnoktv.hu\/index.php?rest_route=%2Fwp%2Fv2%2Fcomments&post=8223"}],"version-history":[{"count":1,"href":"http:\/\/archiv.szolnoktv.hu\/index.php?rest_route=\/wp\/v2\/posts\/8223\/revisions"}],"predecessor-version":[{"id":8254,"href":"http:\/\/archiv.szolnoktv.hu\/index.php?rest_route=\/wp\/v2\/posts\/8223\/revisions\/8254"}],"wp:attachment":[{"href":"http:\/\/archiv.szolnoktv.hu\/index.php?rest_route=%2Fwp%2Fv2%2Fmedia&parent=8223"}],"wp:term":[{"taxonomy":"category","embeddable":true,"href":"http:\/\/archiv.szolnoktv.hu\/index.php?rest_route=%2Fwp%2Fv2%2Fcategories&post=8223"},{"taxonomy":"post_tag","embeddable":true,"href":"http:\/\/archiv.szolnoktv.hu\/index.php?rest_route=%2Fwp%2Fv2%2Ftags&post=8223"}],"curies":[{"name":"wp","href":"https:\/\/api.w.org\/{rel}","templated":true}]}}