{"id":8222,"date":"2018-02-14T14:14:42","date_gmt":"2018-02-14T14:14:42","guid":{"rendered":"http:\/\/archiv.szolnoktv.hu\/?p=8222"},"modified":"2021-08-13T18:36:29","modified_gmt":"2021-08-13T18:36:29","slug":"ifj-dr-lomnici-zoltan-a-galeriaban","status":"publish","type":"post","link":"http:\/\/archiv.szolnoktv.hu\/?p=8222","title":{"rendered":"Ifj. Dr. Lomnici Zolt\u00e1n a Gal\u00e9ri\u00e1ban"},"content":{"rendered":"<div class='booster-block booster-read-block'><\/div><p>\u00c9rdekes a helyzet  &#8211;   fogalmazott Ifj. Dr. Lomnici Zolt\u00e1n, hiszen a lengyelekhez hasonl\u00f3an a magyar emberek is \u00f6r\u00fclnek annak, hogy orsz\u00e1guk tagja az Eu-nak. De &#8211; mondta az alkotm\u00e1nyjog\u00e1sz &#8211; azt nem szeretik, ha Br\u00fcsszelb\u0151l megmondj\u00e1k mit kell tenni\u00fck. Olyan k\u00e9rd\u00e9sekben d\u00f6ntenek f\u00f6l\u00f6tt\u00fck, ami nagyban befoly\u00e1solja mindennapi \u00e9let\u00fcket, biztons\u00e1gukat. P\u00e9ld\u00e1ul abban, hogy kikkel \u00e9ljenek egy\u00fctt, de a legapr\u00f3bb r\u00e9szletekig szab\u00e1lyozni akarj\u00e1k a tagorsz\u00e1gok polg\u00e1rainak \u00e9let\u00e9t  &#8211;   mondta Ifj. Dr. Lomnici Zolt\u00e1n.<\/p>\n<p>-Ez meggy\u0151z\u0151d\u00e9sem szerint \u00e9s ez a jogi \u00e9s a mag\u00e1nv\u00e9lem\u00e9nyen is  &#8211;   nem csak szakmai \u00e9rtelemben gondolom  &#8211;   a nemzeti szuvenerit\u00e1sunk \u00e9s \u00f6nrendelkez\u00e9s\u00fcnk korl\u00e1toz\u00e1s\u00e1t jelenti, amivel szemben nyilv\u00e1nval\u00f3an k\u00f6teless\u00e9ge minden korm\u00e1nynak k\u00f6teless\u00e9ge fell\u00e9pni. A jelenlegi kurzusnak pedig van egy komoly felhatalmaz\u00e1sa, hiszen volt egy kv\u00f3ta n\u00e9pszavaz\u00e1s \u00e9s t\u00f6bb sikeres nemzeti konzult\u00e1ci\u00f3 is azt mutatja, hogy nem is v\u00e1laszthat m\u00e1s ir\u00e1nyvonalat a jelenlegi korm\u00e1nyzat.&#8221;  &#8211;   mondta.<\/p>\n<p>A Visegr\u00e1di 4-ek, Bulg\u00e1ria \u00e9s Ausztria is ki\u00e1ll, amellett, hogy nem akarnak magukb\u00f3l bev\u00e1ndorl\u00f3orsz\u00e1got csin\u00e1lni \u00e9s nem akarj\u00e1k n\u00f6velni a terrorcselekm\u00e9nyeknek kock\u00e1zat\u00e1t  &#8211;   tette hozz\u00e1.  Ha nyugodt, norm\u00e1is Magyarorsz\u00e1got akarunk, akkor ellen kell \u00e1llni az illeg\u00e1lis migr\u00e1ci\u00f3nak, amely mag\u00e1ban hordozza a sz\u00e9ls\u0151s\u00e9gess\u00e9get -fogalmazott az alkotm\u00e1nyjog\u00e1sz. Ifj. Dr. Lomniciz Zolt\u00e1n Soros Gy\u00f6rgyr\u0151l is besz\u00e9lt: elmondta, hogy a befoly\u00e1sos \u00fczletember ny\u00edltan a szembesz\u00e1llt a jelenlegi korm\u00e1nnyal \u00e9s szervezetein kereszt\u00fcl igyekszik megd\u00f6nteni azt. Ennek egyik eszk\u00f6ze az illeg\u00e1lis migr\u00e1ci\u00f3 t\u00e1mogat\u00e1sa  &#8211;   tette hozz\u00e1. Mivel mindez nemzetbiztons\u00e1gi kock\u00e1zatot hordoz term\u00e9szetes, hogy k\u00fcl\u00f6nb\u00f6z\u0151 jogalkot\u00e1si eszk\u00f6z\u00f6kkel fell\u00e9p ellene a korm\u00e1ny.<\/p>\n<p>-Szerintem ez egy teljesen legitim \u00f6nv\u00e9delmi mechanizmus, ezt tapasztaljuk Izraelben is. A minisztereln\u00f6k ny\u00edltan konfront\u00e1l\u00f3dik Soros Gy\u00f6rggyel, aki az ottani belpolitik\u00e1ba is be szeretne avatkozni. Ezt az\u00e9rt hangs\u00falyozom, mert itt nyilv\u00e1n nem Soros Gy\u00f6rgy szem\u00e9lye, sz\u00e1rmaz\u00e1sa, hovatartoz\u00e1sa, kett\u0151s \u00e1llampolg\u00e1rs\u00e1ga a l\u00e9nyeg, hanem, amit csin\u00e1l \u00e9s, amit csin\u00e1l az nem tetszik sem Izraelben sem Magyarorsz\u00e1gon.&#8221;  &#8211;   fogalmazott.<\/p>\n<p>Soros Gy\u00f6rgy vil\u00e1guralomra t\u00f6r  &#8211;   nyilatkozta kor\u00e1bban Ifj. Dr. Lomnici Zolt\u00e1n. Hozz\u00e1tette: ha nem is sz\u00f3 szerint kell \u00e9rteni a vil\u00e1guralmat, de k\u00e9ts\u00e9gtelen t\u00e9ny, hogy rendk\u00edv\u00fcl befoly\u00e1sos rendszerrel rendelkezik, melynek politikai tervei vannak.<\/p>\n<div style=\"width: 640px;\" class=\"wp-video\"><!--[if lt IE 9]><script>document.createElement('video');<\/script><![endif]-->\n<video class=\"wp-video-shortcode\" id=\"video-8222-1\" width=\"640\" height=\"360\" preload=\"metadata\" controls=\"controls\"><source type=\"video\/mp4\" src=\"\/spots\/hir\/hir_180214_01.mp4?_=1\" \/><a href=\"\/spots\/hir\/hir_180214_01.mp4\">\/spots\/hir\/hir_180214_01.mp4<\/a><\/video><\/div>\n","protected":false},"excerpt":{"rendered":"<p>\u00c9rdekes a helyzet &#8211; fogalmazott Ifj. Dr. Lomnici Zolt\u00e1n, hiszen a lengyelekhez hasonl\u00f3an a magyar emberek is \u00f6r\u00fclnek annak, hogy orsz\u00e1guk tagja az Eu-nak. De &#8211; mondta az alkotm\u00e1nyjog\u00e1sz &#8211; azt nem szeretik, ha Br\u00fcsszelb\u0151l megmondj\u00e1k mit kell tenni\u00fck. Olyan k\u00e9rd\u00e9sekben d\u00f6ntenek f\u00f6l\u00f6tt\u00fck, ami nagyban befoly\u00e1solja mindennapi \u00e9let\u00fcket, biztons\u00e1gukat. P\u00e9ld\u00e1ul abban, hogy kikkel \u00e9ljenek egy\u00fctt, [&hellip;]<\/p>\n","protected":false},"author":2,"featured_media":0,"comment_status":"closed","ping_status":"closed","sticky":false,"template":"","format":"standard","meta":[],"categories":[9],"tags":[],"_links":{"self":[{"href":"http:\/\/archiv.szolnoktv.hu\/index.php?rest_route=\/wp\/v2\/posts\/8222"}],"collection":[{"href":"http:\/\/archiv.szolnoktv.hu\/index.php?rest_route=\/wp\/v2\/posts"}],"about":[{"href":"http:\/\/archiv.szolnoktv.hu\/index.php?rest_route=\/wp\/v2\/types\/post"}],"author":[{"embeddable":true,"href":"http:\/\/archiv.szolnoktv.hu\/index.php?rest_route=\/wp\/v2\/users\/2"}],"replies":[{"embeddable":true,"href":"http:\/\/archiv.szolnoktv.hu\/index.php?rest_route=%2Fwp%2Fv2%2Fcomments&post=8222"}],"version-history":[{"count":1,"href":"http:\/\/archiv.szolnoktv.hu\/index.php?rest_route=\/wp\/v2\/posts\/8222\/revisions"}],"predecessor-version":[{"id":8255,"href":"http:\/\/archiv.szolnoktv.hu\/index.php?rest_route=\/wp\/v2\/posts\/8222\/revisions\/8255"}],"wp:attachment":[{"href":"http:\/\/archiv.szolnoktv.hu\/index.php?rest_route=%2Fwp%2Fv2%2Fmedia&parent=8222"}],"wp:term":[{"taxonomy":"category","embeddable":true,"href":"http:\/\/archiv.szolnoktv.hu\/index.php?rest_route=%2Fwp%2Fv2%2Fcategories&post=8222"},{"taxonomy":"post_tag","embeddable":true,"href":"http:\/\/archiv.szolnoktv.hu\/index.php?rest_route=%2Fwp%2Fv2%2Ftags&post=8222"}],"curies":[{"name":"wp","href":"https:\/\/api.w.org\/{rel}","templated":true}]}}