{"id":8221,"date":"2018-02-13T16:37:15","date_gmt":"2018-02-13T16:37:15","guid":{"rendered":"http:\/\/archiv.szolnoktv.hu\/?p=8221"},"modified":"2021-08-13T18:36:29","modified_gmt":"2021-08-13T18:36:29","slug":"borton-rendorseg-kormanyhivatal-alairas","status":"publish","type":"post","link":"http:\/\/archiv.szolnoktv.hu\/?p=8221","title":{"rendered":"B\u00f6rt\u00f6n- rend\u0151rs\u00e9g- korm\u00e1nyhivatal al\u00e1\u00edr\u00e1s"},"content":{"rendered":"<div class='booster-block booster-read-block'><\/div><p>Az int\u00e9zked\u00e9s min\u0151s\u00e9g\u00e9t is befoly\u00e1solja a rend \u0151reinek hozz\u00e1\u00e1ll\u00e1sa, amit a kiegyens\u00falyozotts\u00e1g, az eg\u00e9szs\u00e9gi \u00e1llapot is nagyban befoly\u00e1sol. A megyei korm\u00e1nyhivatal ez\u00e9rt d\u00f6nt\u00f6tt \u00fagy, hogy a a b\u00fcntet\u00e9sv\u00e9grehajt\u00e1si int\u00e9zettel \u00e9s a rend\u0151rs\u00e9ggel szorosabbra f\u0171zi egy\u00fcttm\u0171k\u00f6d\u00e9s\u00e9t.<\/p>\n<p>&#8220;Az eg\u00e9szs\u00e9ges ember a versenyk\u00e9pess\u00e9gnek, meg h\u00e1t az eg\u00e9szs\u00e9ges- boldog csal\u00e1dnak is alapja \u00e9s mind a k\u00e9t szakma val\u00f3ban olyan amelyben nagyon- nagyon- nagyon meghat\u00e1roz\u00f3 az, hogy milyen szem\u00e9lyis\u00e9ggel tudunk dolgozni, hogy tudunk \u00fajrat\u00f6lt\u0151dni, hogy tudunk \u00fajra er\u0151re kapni.&#8221;- mondta Dr. K\u00e1llai M\u00e1ria JNSZ megyei korm\u00e1nymegb\u00edzott.<\/p>\n<p>A megyei rend\u0151rf\u0151kapit\u00e1nys\u00e1gon eddig is odafigyeltek az \u00e1llom\u00e1ny ment\u00e1lis \u00e9s fizikai \u00e1llapot\u00e1ra. Hangs\u00falyozta  Dr. Urb\u00e1n Zolt\u00e1n L\u00e1szl\u00f3 JNSZ megyei rend\u0151r-<br \/> f\u0151kapit\u00e1ny<\/p>\n<p>&#8220;Nagyon sok mindent pr\u00f3b\u00e1lunk a koll\u00e9g\u00e1ink sz\u00e1m\u00e1ra biztos\u00edtani \u00e9s azok a szekemberh\u00e1tterek \u00e9s azok a m\u0171szeres h\u00e1tterek amelyeket pedig a korm\u00e1nyhivatal tud nek\u00fcnk biztos\u00edtani n\u00e9lk\u00fcl\u00f6zhetetlenek. N\u00e9lk\u00fcl\u00f6zhetetlen ahhoz, hogy teljes sz\u00e9les sk\u00e1l\u00e1j\u00e1t kimer\u00edts\u00fck az eg\u00e9szs\u00e9gmeg\u0151rz\u00e9s \u00e9s eg\u00e9szs\u00e9gfejleszt\u00e9si programoknak.&#8221;<\/p>\n<p>Hasonl\u00f3 a helyzet a b\u00fcntet\u00e9sv\u00e9grehajt\u00e1si int\u00e9zet eset\u00e9ben is, ahol a fogva tartottak mellett igyekeznek a dolgoz\u00f3k eg\u00e9szs\u00e9g\u00e9re is odafigyelni.<\/p>\n<p>&#8220;Cs\u00f6kkenjenek a beteg\u00e1llom\u00e1ny napok sz\u00e1ma \u00e9s v\u00e9g\u00fcl is tudjuk \u00e9rt\u00e9kelni, hasznos\u00edtani ezt a lehet\u0151s\u00e9get \u00fagyhogy k\u00f6sz\u00f6nj\u00fck a seg\u00edts\u00e9get ebben a feladatban. Ez nagyon- nagy seg\u00edts\u00e9g, hogy nem \u00f6ner\u0151b\u0151l, \u00f6n\u00e1ll\u00f3an kell v\u00e9gre hajtanunk ezt a feladatot.&#8221;- hangs\u00falyozta Horv\u00e1th \u00c1kos megb\u00edzott bv. parancsnok <\/p>\n<p>A d\u00e9lel\u0151tt al\u00e1\u00edrt egy\u00fcttm\u0171k\u00f6d\u00e9si meg\u00e1llapod\u00e1s \u00e9rtelm\u00e9ben a n\u00e9peg\u00e9szs\u00e9g\u00fcgyi f\u0151oszt\u00e1ly akt\u00edv szerepet v\u00e1llal a j\u00f6v\u0151ben az eg\u00e9szs\u00e9gmeg\u0151rz\u0151 programok munkahelyi kiterjeszt\u00e9s\u00e9ben,  \u00e9letm\u00f3dtan\u00e1csad\u00e1sok szervez\u00e9s\u00e9ben \u00e9s minden olyan lehet\u0151s\u00e9get megad amire saj\u00e1t infrastrukt\u00far\u00e1ja lehet\u0151s\u00e9get biztos\u00edt.<\/p>\n<div style=\"width: 640px;\" class=\"wp-video\"><!--[if lt IE 9]><script>document.createElement('video');<\/script><![endif]-->\n<video class=\"wp-video-shortcode\" id=\"video-8221-1\" width=\"640\" height=\"360\" preload=\"metadata\" controls=\"controls\"><source type=\"video\/mp4\" src=\"\/spots\/hir\/hir_180213_04.mp4?_=1\" \/><a href=\"\/spots\/hir\/hir_180213_04.mp4\">\/spots\/hir\/hir_180213_04.mp4<\/a><\/video><\/div>\n","protected":false},"excerpt":{"rendered":"<p>Az int\u00e9zked\u00e9s min\u0151s\u00e9g\u00e9t is befoly\u00e1solja a rend \u0151reinek hozz\u00e1\u00e1ll\u00e1sa, amit a kiegyens\u00falyozotts\u00e1g, az eg\u00e9szs\u00e9gi \u00e1llapot is nagyban befoly\u00e1sol. A megyei korm\u00e1nyhivatal ez\u00e9rt d\u00f6nt\u00f6tt \u00fagy, hogy a a b\u00fcntet\u00e9sv\u00e9grehajt\u00e1si int\u00e9zettel \u00e9s a rend\u0151rs\u00e9ggel szorosabbra f\u0171zi egy\u00fcttm\u0171k\u00f6d\u00e9s\u00e9t. &#8220;Az eg\u00e9szs\u00e9ges ember a versenyk\u00e9pess\u00e9gnek, meg h\u00e1t az eg\u00e9szs\u00e9ges- boldog csal\u00e1dnak is alapja \u00e9s mind a k\u00e9t szakma val\u00f3ban olyan [&hellip;]<\/p>\n","protected":false},"author":2,"featured_media":0,"comment_status":"closed","ping_status":"closed","sticky":false,"template":"","format":"standard","meta":[],"categories":[9],"tags":[],"_links":{"self":[{"href":"http:\/\/archiv.szolnoktv.hu\/index.php?rest_route=\/wp\/v2\/posts\/8221"}],"collection":[{"href":"http:\/\/archiv.szolnoktv.hu\/index.php?rest_route=\/wp\/v2\/posts"}],"about":[{"href":"http:\/\/archiv.szolnoktv.hu\/index.php?rest_route=\/wp\/v2\/types\/post"}],"author":[{"embeddable":true,"href":"http:\/\/archiv.szolnoktv.hu\/index.php?rest_route=\/wp\/v2\/users\/2"}],"replies":[{"embeddable":true,"href":"http:\/\/archiv.szolnoktv.hu\/index.php?rest_route=%2Fwp%2Fv2%2Fcomments&post=8221"}],"version-history":[{"count":1,"href":"http:\/\/archiv.szolnoktv.hu\/index.php?rest_route=\/wp\/v2\/posts\/8221\/revisions"}],"predecessor-version":[{"id":8256,"href":"http:\/\/archiv.szolnoktv.hu\/index.php?rest_route=\/wp\/v2\/posts\/8221\/revisions\/8256"}],"wp:attachment":[{"href":"http:\/\/archiv.szolnoktv.hu\/index.php?rest_route=%2Fwp%2Fv2%2Fmedia&parent=8221"}],"wp:term":[{"taxonomy":"category","embeddable":true,"href":"http:\/\/archiv.szolnoktv.hu\/index.php?rest_route=%2Fwp%2Fv2%2Fcategories&post=8221"},{"taxonomy":"post_tag","embeddable":true,"href":"http:\/\/archiv.szolnoktv.hu\/index.php?rest_route=%2Fwp%2Fv2%2Ftags&post=8221"}],"curies":[{"name":"wp","href":"https:\/\/api.w.org\/{rel}","templated":true}]}}