{"id":8220,"date":"2018-02-13T15:42:19","date_gmt":"2018-02-13T15:42:19","guid":{"rendered":"http:\/\/archiv.szolnoktv.hu\/?p=8220"},"modified":"2021-08-13T18:36:29","modified_gmt":"2021-08-13T18:36:29","slug":"stagnal-a-belvizzel-elontott-teruletek-merete","status":"publish","type":"post","link":"http:\/\/archiv.szolnoktv.hu\/?p=8220","title":{"rendered":"Stagn\u00e1l a belv\u00edzzel el\u00f6nt\u00f6tt ter\u00fcletek m\u00e9rete"},"content":{"rendered":"<div class='booster-block booster-read-block'><\/div><p>-M\u00e1r csak itt a karcagi belv\u00edzv\u00e9delmi szakasz ter\u00fclet\u00e9n van jelenleg \u00e9rv\u00e9nyben II. fok\u00fa belv\u00edzv\u00e9delmi k\u00e9sz\u00fclts\u00e9g.&#8221;<\/p>\n<p>T\u00e9rk\u00e9pen mutatja az egyetlen, m\u00e9g II. fokon v\u00e9dekez\u0151 belv\u00edzv\u00e9delmi szakaszt a K\u00d6TIVIZIG \u00fcgyeletvezet\u0151 helyettese. Jelenleg az igazgat\u00f3s\u00e1g 10 belv\u00edzv\u00e9delmi szakasz\u00e1b\u00f3l 6-on rendeltek el v\u00e9delmi fokozatot, ebb\u0151l k\u00e9t helyen  &#8211;  Cibakh\u00e1z\u00e1n \u00e9s Mez\u0151t\u00faron- tegnap. <\/p>\n<p>S\u00f3lyom P\u00e9ter \u00fcgyeletvezet\u0151 helyettes kiemelte: -Egy szakaszon m\u00e1sodfok\u00fa, a t\u00f6bbin pedig els\u0151fok\u00fa a k\u00e9sz\u00fclts\u00e9g. Szivatty\u00fatelepek \u00fczemeltet\u00e9se zajlik, 27 szivatty\u00fatelepen az elm\u00falt 24 \u00f3r\u00e1ban \u00f6sszesen 700 ezer m3 vizet emelt\u00fcnk \u00e1t.&#8221;  <\/p>\n<p>A t\u00e9l utols\u00f3 h\u00f3napj\u00e1ban eddig mintegy 37 mm csapad\u00e9k hullott, ami az ilyenkor megszokott \u00e9ves \u00e1tlagn\u00e1l j\u00f3val t\u00f6bb. A jelenlegi k\u00e9sz\u00fclts\u00e9gi fokozatok megv\u00e1ltoztat\u00e1sa az elk\u00f6vetkez\u0151 napok id\u0151j\u00e1r\u00e1s\u00e1t\u00f3l f\u00fcgg. A befogad\u00f3 foly\u00f3k v\u00edz\u00e1ll\u00e1sa magasnak sz\u00e1m\u00edt, ez\u00e9rt a felgy\u00fclemlett v\u00edz elvezet\u00e9s\u00e9re nincs lehet\u0151s\u00e9g.  &#8211;   mondja a szakember.<\/p>\n<p>-Hogyha csek\u00e9ly mennyis\u00e9g\u0171 csapad\u00e9k esik a tel\u00edtett talajokra, akkor v\u00e1rhat\u00f3, hogy megjelennek \u00fajabb el\u00f6nt\u00e9sek. A jelenlegi 4700 hekt\u00e1ros el\u00f6nt\u00e9sek nem sz\u00e1m\u00edtanak extr\u00e9mnek a K\u00d6TIVIZIG ter\u00fclet\u00e9n, ez egy k\u00f6zepes, kisebb belv\u00edzi szitu\u00e1ci\u00f3nak felel meg.&#8221;  &#8211; mondta az \u00fcgyeletvezet\u0151 helyettes<\/p>\n<p>A k\u00f6vetkez\u0151 napokban folyamatos, ak\u00e1r a napi 30 centim\u00e9tert is el\u00e9r\u0151 apad\u00e1s v\u00e1rhat\u00f3 a Tisz\u00e1n, illetve az el\u0151rejelz\u00e9sek szerint mintegy 5-15 mm csapad\u00e9k is hullhat.<\/p>\n<div style=\"width: 640px;\" class=\"wp-video\"><!--[if lt IE 9]><script>document.createElement('video');<\/script><![endif]-->\n<video class=\"wp-video-shortcode\" id=\"video-8220-1\" width=\"640\" height=\"360\" preload=\"metadata\" controls=\"controls\"><source type=\"video\/mp4\" src=\"\/spots\/hir\/hir_180213_03.mp4?_=1\" \/><a href=\"\/spots\/hir\/hir_180213_03.mp4\">\/spots\/hir\/hir_180213_03.mp4<\/a><\/video><\/div>\n","protected":false},"excerpt":{"rendered":"<p>-M\u00e1r csak itt a karcagi belv\u00edzv\u00e9delmi szakasz ter\u00fclet\u00e9n van jelenleg \u00e9rv\u00e9nyben II. fok\u00fa belv\u00edzv\u00e9delmi k\u00e9sz\u00fclts\u00e9g.&#8221; T\u00e9rk\u00e9pen mutatja az egyetlen, m\u00e9g II. fokon v\u00e9dekez\u0151 belv\u00edzv\u00e9delmi szakaszt a K\u00d6TIVIZIG \u00fcgyeletvezet\u0151 helyettese. Jelenleg az igazgat\u00f3s\u00e1g 10 belv\u00edzv\u00e9delmi szakasz\u00e1b\u00f3l 6-on rendeltek el v\u00e9delmi fokozatot, ebb\u0151l k\u00e9t helyen &#8211; Cibakh\u00e1z\u00e1n \u00e9s Mez\u0151t\u00faron- tegnap. S\u00f3lyom P\u00e9ter \u00fcgyeletvezet\u0151 helyettes kiemelte: -Egy szakaszon [&hellip;]<\/p>\n","protected":false},"author":2,"featured_media":0,"comment_status":"closed","ping_status":"closed","sticky":false,"template":"","format":"standard","meta":[],"categories":[9],"tags":[],"_links":{"self":[{"href":"http:\/\/archiv.szolnoktv.hu\/index.php?rest_route=\/wp\/v2\/posts\/8220"}],"collection":[{"href":"http:\/\/archiv.szolnoktv.hu\/index.php?rest_route=\/wp\/v2\/posts"}],"about":[{"href":"http:\/\/archiv.szolnoktv.hu\/index.php?rest_route=\/wp\/v2\/types\/post"}],"author":[{"embeddable":true,"href":"http:\/\/archiv.szolnoktv.hu\/index.php?rest_route=\/wp\/v2\/users\/2"}],"replies":[{"embeddable":true,"href":"http:\/\/archiv.szolnoktv.hu\/index.php?rest_route=%2Fwp%2Fv2%2Fcomments&post=8220"}],"version-history":[{"count":1,"href":"http:\/\/archiv.szolnoktv.hu\/index.php?rest_route=\/wp\/v2\/posts\/8220\/revisions"}],"predecessor-version":[{"id":8257,"href":"http:\/\/archiv.szolnoktv.hu\/index.php?rest_route=\/wp\/v2\/posts\/8220\/revisions\/8257"}],"wp:attachment":[{"href":"http:\/\/archiv.szolnoktv.hu\/index.php?rest_route=%2Fwp%2Fv2%2Fmedia&parent=8220"}],"wp:term":[{"taxonomy":"category","embeddable":true,"href":"http:\/\/archiv.szolnoktv.hu\/index.php?rest_route=%2Fwp%2Fv2%2Fcategories&post=8220"},{"taxonomy":"post_tag","embeddable":true,"href":"http:\/\/archiv.szolnoktv.hu\/index.php?rest_route=%2Fwp%2Fv2%2Ftags&post=8220"}],"curies":[{"name":"wp","href":"https:\/\/api.w.org\/{rel}","templated":true}]}}