{"id":8219,"date":"2018-02-13T15:35:33","date_gmt":"2018-02-13T15:35:33","guid":{"rendered":"http:\/\/archiv.szolnoktv.hu\/?p=8219"},"modified":"2021-08-13T18:36:29","modified_gmt":"2021-08-13T18:36:29","slug":"jobbik-sajtotajekoztato-3","status":"publish","type":"post","link":"http:\/\/archiv.szolnoktv.hu\/?p=8219","title":{"rendered":"Jobbik sajt\u00f3t\u00e1j\u00e9koztat\u00f3"},"content":{"rendered":"<div class='booster-block booster-read-block'><\/div><p>L\u00e1z\u00e1r J\u00e1nos kancell\u00e1ria miniszter 200 ezer embert s\u00e9rtett meg, amikor gyakorlatilag letolvajozta a k\u00f6zmunk\u00e1sokat. &#8211; kezdte t\u00e1j\u00e9koztat\u00f3j\u00e1t Dr. Csik\u00f3s Attila. A Jobbik  orsz\u00e1ggy\u0171l\u00e9si k\u00e9pvisel\u0151jel\u00f6ltje hozz\u00e1tette: Schneider Tam\u00e1s, az orsz\u00e1ggy\u0171l\u00e9s jobbikos aleln\u00f6ke ezek ut\u00e1n bocs\u00e1nat k\u00e9r\u00e9sre sz\u00f3l\u00edtotta fel a minisztert. Dr. Csik\u00f3s Attila szerint nem ez volt az els\u0151 eset amikor a fideszes politikus megb\u00e9lyegezte a szeg\u00e9nyeket. A k\u00f6zmunk\u00e1sok havi 54200 forintot kapnak, \u00e9s a nyugd\u00edjuk is t\u00fals\u00e1gosan alacsony lesz. A Jobbiknak van elk\u00e9pzel\u00e9se a b\u00e9rprobl\u00e9m\u00e1kra  &#8211;   folytatta:<\/p>\n<p> -A jobbiknak van egy \u00e9vek \u00f3ta megl\u00e9v\u0151 kezdem\u00e9nyez\u00e9se, terve, hogy a f\u00e9rfiak negyven \u00e9v ut\u00e1n is el tudjanak menni nyugd\u00edjba. A m\u00e1sik lehet\u0151s\u00e9g a Jobbik b\u00e9runi\u00f3s kezdem\u00e9nyez\u00e9se. &#8211; <\/p>\n<p> A Jobbik emellett t\u00e1mogatn\u00e1 a hazai kis \u00e9s k\u00f6z\u00e9pv\u00e1llalkoz\u00e1sokat. Ezek meger\u0151s\u00f6d\u00e9se pedig \u00faj munkahelyeket jelentene, ahol becs\u00fcletes b\u00e9rek\u00e9rt dolgozhatn\u00e1nak a megal\u00e1zott k\u00f6zmunk\u00e1sok  &#8211;   f\u0171zte hozz\u00e1 a politikus:<\/p>\n<p> -Legyenek b\u00e1trak, ne f\u00e9ljenek, \u00e1prilis nyolcadik\u00e1n mondj\u00e1k el a v\u00e9lem\u00e9ny\u00fcket.&#8221;<\/p>\n<p>A Jobbik gy\u0151zni fog \u00e9s a k\u00f6zmunk\u00e1sok  &#8211;   ahogyan mindenki m\u00e1s &#8211;  csak nyerhet a Jobbikkal  &#8211;   z\u00e1rta t\u00e1j\u00e9koztat\u00f3j\u00e1t Dr. Csik\u00f3s Attila. <\/p>\n<div style=\"width: 640px;\" class=\"wp-video\"><!--[if lt IE 9]><script>document.createElement('video');<\/script><![endif]-->\n<video class=\"wp-video-shortcode\" id=\"video-8219-1\" width=\"640\" height=\"360\" preload=\"metadata\" controls=\"controls\"><source type=\"video\/mp4\" src=\"\/spots\/hir\/hir_180213_02.mp4?_=1\" \/><a href=\"\/spots\/hir\/hir_180213_02.mp4\">\/spots\/hir\/hir_180213_02.mp4<\/a><\/video><\/div>\n","protected":false},"excerpt":{"rendered":"<p>L\u00e1z\u00e1r J\u00e1nos kancell\u00e1ria miniszter 200 ezer embert s\u00e9rtett meg, amikor gyakorlatilag letolvajozta a k\u00f6zmunk\u00e1sokat. &#8211; kezdte t\u00e1j\u00e9koztat\u00f3j\u00e1t Dr. Csik\u00f3s Attila. A Jobbik orsz\u00e1ggy\u0171l\u00e9si k\u00e9pvisel\u0151jel\u00f6ltje hozz\u00e1tette: Schneider Tam\u00e1s, az orsz\u00e1ggy\u0171l\u00e9s jobbikos aleln\u00f6ke ezek ut\u00e1n bocs\u00e1nat k\u00e9r\u00e9sre sz\u00f3l\u00edtotta fel a minisztert. Dr. Csik\u00f3s Attila szerint nem ez volt az els\u0151 eset amikor a fideszes politikus megb\u00e9lyegezte a [&hellip;]<\/p>\n","protected":false},"author":2,"featured_media":0,"comment_status":"closed","ping_status":"closed","sticky":false,"template":"","format":"standard","meta":[],"categories":[9],"tags":[],"_links":{"self":[{"href":"http:\/\/archiv.szolnoktv.hu\/index.php?rest_route=\/wp\/v2\/posts\/8219"}],"collection":[{"href":"http:\/\/archiv.szolnoktv.hu\/index.php?rest_route=\/wp\/v2\/posts"}],"about":[{"href":"http:\/\/archiv.szolnoktv.hu\/index.php?rest_route=\/wp\/v2\/types\/post"}],"author":[{"embeddable":true,"href":"http:\/\/archiv.szolnoktv.hu\/index.php?rest_route=\/wp\/v2\/users\/2"}],"replies":[{"embeddable":true,"href":"http:\/\/archiv.szolnoktv.hu\/index.php?rest_route=%2Fwp%2Fv2%2Fcomments&post=8219"}],"version-history":[{"count":1,"href":"http:\/\/archiv.szolnoktv.hu\/index.php?rest_route=\/wp\/v2\/posts\/8219\/revisions"}],"predecessor-version":[{"id":8258,"href":"http:\/\/archiv.szolnoktv.hu\/index.php?rest_route=\/wp\/v2\/posts\/8219\/revisions\/8258"}],"wp:attachment":[{"href":"http:\/\/archiv.szolnoktv.hu\/index.php?rest_route=%2Fwp%2Fv2%2Fmedia&parent=8219"}],"wp:term":[{"taxonomy":"category","embeddable":true,"href":"http:\/\/archiv.szolnoktv.hu\/index.php?rest_route=%2Fwp%2Fv2%2Fcategories&post=8219"},{"taxonomy":"post_tag","embeddable":true,"href":"http:\/\/archiv.szolnoktv.hu\/index.php?rest_route=%2Fwp%2Fv2%2Ftags&post=8219"}],"curies":[{"name":"wp","href":"https:\/\/api.w.org\/{rel}","templated":true}]}}