{"id":8218,"date":"2018-02-13T15:30:47","date_gmt":"2018-02-13T15:30:47","guid":{"rendered":"http:\/\/archiv.szolnoktv.hu\/?p=8218"},"modified":"2021-08-13T18:36:30","modified_gmt":"2021-08-13T18:36:30","slug":"adomanyom-erkeztek-a-csaladok-atmeneti-otthonaba-es-a-biztos-kezdet-gyerekhazba","status":"publish","type":"post","link":"http:\/\/archiv.szolnoktv.hu\/?p=8218","title":{"rendered":"Adom\u00e1nyom \u00e9rkeztek a  Csal\u00e1dok \u00c1tmeneti Otthon\u00e1ba \u00e9s a Biztos Kezdet Gyerekh\u00e1zba"},"content":{"rendered":"<div class='booster-block booster-read-block'><\/div><p>Adom\u00e1nyokat pakolnak le a teheraut\u00f3r\u00f3l  a Magyar \u00d6kumenikus Seg\u00e9lyszervezet Szolnoki Csal\u00e1dok \u00c1tmeneti Otthona udvar\u00e1n. \u00c1gymatrac, szekr\u00e9nyek, polcok, csocs\u00f3asztal, ruhanem\u0171k, t\u00e1rsasj\u00e1t\u00e9kok \u00e9rkeznek. <\/p>\n<p>Ligeti J\u00f3zsef eln\u00f6k, Szolnok V\u00e1ros Fejl\u0151d\u00e9s\u00e9\u00e9rt Egyes\u00fclet: <\/p>\n<p>-&#8220;Ezeket a j\u00e1t\u00e9kokat december janu\u00e1r h\u00f3napban gy\u0171jt\u00f6tt\u00fck \u00f6ssze. A j\u00e1t\u00e9kok adom\u00e1nyoz\u00f3i a Br\u00fcsszelben \u00e9s Luxemburgban \u00e9l\u0151 , az eur\u00f3pai int\u00e9zm\u00e9nyekn\u00e9l dolgoz\u00f3 magyar munkat\u00e1rsak. A k\u00f6nyvespolcokat pedig a kertv\u00e1rosb\u00f3l hoztuk egy hagyat\u00e9kb\u00f3l k\u00f6nyvekkel egy\u00fctt. &#8211;<\/p>\n<p>A csal\u00e1dok \u00e1tmeneti otthon\u00e1ban jelenleg  \u00e9l\u0151 6 csal\u00e1d \u00e9s a dolgoz\u00f3k \u00f6r\u00f6mmel fogadt\u00e1k az adom\u00e1nyokat. A b\u00fatorokkal a szob\u00e1k berendez\u00e9s\u00e9t eg\u00e9sz\u00edtik ki, a dobozok pedig olyan csod\u00e1kat rejtenek, melyeknek valamennyi h\u00e1nyatott sors\u00fa kisgyermek \u00f6r\u00fcl majd. <\/p>\n<p>-&#8221; N\u00e9gy \u00e9ves kort\u00f3l mindenf\u00e9le j\u00e1t\u00e9k, a bab\u00e1t\u00f3l a fi\u00faknak az aut\u00f3kig, a logikai j\u00e1t\u00e9kokig , a puzzle-ig, a t\u00e1rsasokig , \u00e9p\u00edt\u0151kock\u00e1kig minden megtal\u00e1lhat\u00f3 benne. Vannak olyan t\u00e1rsasj\u00e1t\u00e9kok, amelyeken m\u00e9g a gy\u00e1ri celof\u00e1n is rajta van. &#8211;folytatta az eln\u00f6k. <\/p>\n<p>Az itt \u00e9l\u0151 sz\u00fcl\u0151k nem engedhetnek meg maguknak ilyen j\u00e1t\u00e9kokat kis biciklit  \u00e9s ruh\u00e1kat. A csal\u00e1dok nagy \u00f6r\u00f6m\u00e9re most b\u0151ven jut mindenkinek meglepet\u00e9s.  <\/p>\n<p>S\u00e1ndorn\u00e9 P\u00f3lik R\u00f3za int\u00e9zm\u00e9nyvezet\u0151 ,  Magyar \u00d6kumenikus Seg\u00e9lyszervezet Szolnoki Csal\u00e1dok \u00c1tmeneti Otthona: <\/p>\n<p>-&#8220;A lakr\u00e9szek berendez\u00e9s\u00e9hez tudjuk haszn\u00e1lni, illetve   ha lesz olyan csal\u00e1d aki kik\u00f6lt\u00f6zik \u00e9s a b\u00fatorozatlan alb\u00e9rletbe tud tov\u00e1bb menni, akkor tudunk abban seg\u00edteni, hogy be tudja rendezni az \u00faj lak\u00e1st, ahov\u00e1 gyermekeivel  ki tud k\u00f6lt\u00f6zni.&#8221; <\/p>\n<p>A teheraut\u00f3 a Gyop\u00e1r \u00fatra robogott tov\u00e1bb. Ide 3 \u00e9ven aluli gyermekeknek hasznos holmikat hoztak. A Biztos Kezdet Gyerekh\u00e1zban is nagy \u00f6r\u00f6mmel fogadt\u00e1k az adom\u00e1nyokat. <br \/>A rengeteg j\u00e1t\u00e9k egy r\u00e9sze a gyerekh\u00e1z munk\u00e1j\u00e1t seg\u00edti majd, a fennmarad\u00f3 adom\u00e1nyt pedig egy k\u00e9s\u0151bbi k\u00f6z\u00f6ss\u00e9gi rendezv\u00e9ny\u00fck\u00f6n osztj\u00e1k sz\u00e9t a r\u00e1szorul\u00f3 csal\u00e1dok k\u00f6z\u00f6tt. <\/p>\n<div style=\"width: 640px;\" class=\"wp-video\"><!--[if lt IE 9]><script>document.createElement('video');<\/script><![endif]-->\n<video class=\"wp-video-shortcode\" id=\"video-8218-1\" width=\"640\" height=\"360\" preload=\"metadata\" controls=\"controls\"><source type=\"video\/mp4\" src=\"\/spots\/hir\/hir_180213_01.mp4?_=1\" \/><a href=\"\/spots\/hir\/hir_180213_01.mp4\">\/spots\/hir\/hir_180213_01.mp4<\/a><\/video><\/div>\n","protected":false},"excerpt":{"rendered":"<p>Adom\u00e1nyokat pakolnak le a teheraut\u00f3r\u00f3l a Magyar \u00d6kumenikus Seg\u00e9lyszervezet Szolnoki Csal\u00e1dok \u00c1tmeneti Otthona udvar\u00e1n. \u00c1gymatrac, szekr\u00e9nyek, polcok, csocs\u00f3asztal, ruhanem\u0171k, t\u00e1rsasj\u00e1t\u00e9kok \u00e9rkeznek. Ligeti J\u00f3zsef eln\u00f6k, Szolnok V\u00e1ros Fejl\u0151d\u00e9s\u00e9\u00e9rt Egyes\u00fclet: -&#8220;Ezeket a j\u00e1t\u00e9kokat december janu\u00e1r h\u00f3napban gy\u0171jt\u00f6tt\u00fck \u00f6ssze. A j\u00e1t\u00e9kok adom\u00e1nyoz\u00f3i a Br\u00fcsszelben \u00e9s Luxemburgban \u00e9l\u0151 , az eur\u00f3pai int\u00e9zm\u00e9nyekn\u00e9l dolgoz\u00f3 magyar munkat\u00e1rsak. A k\u00f6nyvespolcokat pedig a [&hellip;]<\/p>\n","protected":false},"author":2,"featured_media":0,"comment_status":"closed","ping_status":"closed","sticky":false,"template":"","format":"standard","meta":[],"categories":[9],"tags":[],"_links":{"self":[{"href":"http:\/\/archiv.szolnoktv.hu\/index.php?rest_route=\/wp\/v2\/posts\/8218"}],"collection":[{"href":"http:\/\/archiv.szolnoktv.hu\/index.php?rest_route=\/wp\/v2\/posts"}],"about":[{"href":"http:\/\/archiv.szolnoktv.hu\/index.php?rest_route=\/wp\/v2\/types\/post"}],"author":[{"embeddable":true,"href":"http:\/\/archiv.szolnoktv.hu\/index.php?rest_route=\/wp\/v2\/users\/2"}],"replies":[{"embeddable":true,"href":"http:\/\/archiv.szolnoktv.hu\/index.php?rest_route=%2Fwp%2Fv2%2Fcomments&post=8218"}],"version-history":[{"count":1,"href":"http:\/\/archiv.szolnoktv.hu\/index.php?rest_route=\/wp\/v2\/posts\/8218\/revisions"}],"predecessor-version":[{"id":8259,"href":"http:\/\/archiv.szolnoktv.hu\/index.php?rest_route=\/wp\/v2\/posts\/8218\/revisions\/8259"}],"wp:attachment":[{"href":"http:\/\/archiv.szolnoktv.hu\/index.php?rest_route=%2Fwp%2Fv2%2Fmedia&parent=8218"}],"wp:term":[{"taxonomy":"category","embeddable":true,"href":"http:\/\/archiv.szolnoktv.hu\/index.php?rest_route=%2Fwp%2Fv2%2Fcategories&post=8218"},{"taxonomy":"post_tag","embeddable":true,"href":"http:\/\/archiv.szolnoktv.hu\/index.php?rest_route=%2Fwp%2Fv2%2Ftags&post=8218"}],"curies":[{"name":"wp","href":"https:\/\/api.w.org\/{rel}","templated":true}]}}