{"id":8216,"date":"2018-02-12T15:57:26","date_gmt":"2018-02-12T15:57:26","guid":{"rendered":"http:\/\/archiv.szolnoktv.hu\/?p=8216"},"modified":"2021-08-13T18:36:30","modified_gmt":"2021-08-13T18:36:30","slug":"az-unio-parlamentje-elott-a-mez-jelentes","status":"publish","type":"post","link":"http:\/\/archiv.szolnoktv.hu\/?p=8216","title":{"rendered":"Az uni\u00f3 parlamentje el\u0151tt a &#8220;M\u00e9z jelent\u00e9s&#8221;"},"content":{"rendered":"<div class='booster-block booster-read-block'><\/div><p>Magyarorsz\u00e1g Eur\u00f3pa 3. legnagyobb m\u00e9ztermel\u0151je Spanyolorsz\u00e1g \u00e9s Rom\u00e1nia ut\u00e1n. A kiv\u00e1l\u00f3 min\u0151s\u00e9g\u0171 hazai m\u00e9z csaknem 70%- a ker\u00fcl exportra, j\u00f3l lehet Eur\u00f3pa \u00e9hs\u00e9g\u00e9t ez sem csillap\u00edtja. A kontinensen m\u00e9rt ig\u00e9ny kiel\u00e9g\u00edt\u00e9s\u00e9hez tov\u00e1bbi 40%- ot kell k\u00fcls\u0151 besz\u00e1ll\u00edt\u00f3kt\u00f3l megv\u00e1s\u00e1rolni. Megd\u00f6bbent\u0151, de igaz- a f\u0151leg K\u00edn\u00e1b\u00f3l \u00e9rkez\u0151 ut\u00e1np\u00f3tl\u00e1s csaknem 20%- a hamis\u00edtv\u00e1ny, azaz m\u00e9zhez hasonl\u00f3 cukros szirup. A Br\u00fcsszel el\u00e9 ker\u00fclt un. &#8220;m\u00e9z jelent\u00e9s&#8221; aj\u00e1nl\u00e1sai els\u0151 k\u00f6rben a v\u00e1s\u00e1rl\u00f3k pontosabb t\u00e1j\u00e9koztat\u00e1s\u00e1t szorgalmazz\u00e1k. Mondta Erd\u0151s Nobert eur\u00f3pai parlamenti k\u00e9pvisel\u0151.<\/p>\n<p>&#8220;Megpr\u00f3b\u00e1ljuk a cimk\u00e9z\u00e9st megv\u00e1ltoztatni. Pontosan, hosszasan \u00e9rtekez\u00fcnk err\u0151l a dologr\u00f3l, hiszen az egyik legfontosabb dolog az, hogy ezen pr\u00f3b\u00e1ljunk v\u00e1ltoztatni, hiszen ez egy fogyaszt\u00f3v\u00e9delmi probl\u00e9ma \u00e9s hogyha belegondolunk ez egy eg\u00e9szs\u00e9gv\u00e9delmi probl\u00e9ma is, hiszen nem tudjuk, hogy azok a kutyulm\u00e1nyok amelyek mondjuk K\u00edn\u00e1b\u00f3l \u00e9rkeznek azok a mi eg\u00e9szs\u00e9g\u00fcnket, az eur\u00f3pia emberek, a magyar emberek eg\u00e9szs\u00e9g\u00e9vel mit tesznek.&#8221;<\/p>\n<p>A jelenlegi szab\u00e1lyoz\u00e1s szerint csup\u00e1n azt kell felt\u00fcntetni, hogy uni\u00f3n bel\u00fclr\u0151l-, vagy k\u00edv\u00fclr\u0151l sz\u00e1rmazik a term\u00e9k. Szerencs\u00e9sebb helyzetben vannak azok a v\u00e1s\u00e1rl\u00f3k- hangzott el- akik helyi termel\u0151kt\u0151l veszik meg a m\u00e9zet.<\/p>\n<p>&#8220;J\u00f3 figyelni azt, hogy \u00e9vr\u0151l- \u00e9vre t\u00f6bb m\u00e9h\u00e9sz k\u00edn\u00e1lja azokat a csod\u00e1latos m\u00e9zeket, illetve a k\u00f6r\u00e9 tartoz\u00f3 term\u00e9keket, amelyekr\u0151l biztosan tudjuk azt, hogy ebben a megy\u00e9ben k\u00e9sz\u00fcltek, biztosan tudjuk azt, hogy Magyarorsz\u00e1gon k\u00e9sz\u00fcltek, biztosan tudjuk azt, hogy a m\u00e9h\u00e9sz csal\u00e1doknak a sz\u00edve, lelke, keze munk\u00e1ja er\u0151t- energi\u00e1t nem k\u00edm\u00e9lve ebben benne van. K\u00f6sz\u00f6nj\u00fck ezt.&#8221;- mondta K\u00e1llai M\u00e1ria megyei korm\u00e1nymegb\u00edzott.<\/p>\n<p>A korm\u00e1nyhivatal 2015- ben 56.591 m\u00e9hcsal\u00e1dot tartott sz\u00e1mon a megy\u00e9ben. Az elm\u00falt k\u00e9t \u00e9v sor\u00e1n ez a sz\u00e1m tov\u00e1bbi h\u00faszezerrel n\u0151tt. .. A sajt\u00f3t\u00e1j\u00e9koztat\u00f3n elhangzott- torz k\u00e9pet kap az aki csup\u00e1n a m\u00e9ztermel\u00e9s kapcs\u00e1n gondol a m\u00e9hekre<\/p>\n<p>&#8220;Az \u00e9lelmiszer iparnak a 76%- a m\u00e9hek \u00e1ltali beporz\u00e1s f\u00fcggv\u00e9nye. A z\u00f6lds\u00e9g- gy\u00fcm\u00f6lcs \u00e1gazatnak a 84%- a a m\u00e9hek \u00e1ltali beporz\u00e1s f\u00fcggv\u00e9nye.&#8221;<\/p>\n<p>A &#8220;m\u00e9z jelent\u00e9s&#8221; r\u00e9szleteir\u0151l febru\u00e1r 28- \u00e1n plen\u00e1ris \u00fcl\u00e9s keret\u00e9ben egyeztet az uni\u00f3 parlamentje. A szavaz\u00e1s m\u00e1rcius elsej\u00e9n lesz. A m\u00e9h\u00e9szek \u00e9rdekeit is szolg\u00e1l\u00f3 d\u00f6nt\u00e9shez a szolnoki R\u00e1di M\u00e9h\u00e9szet tulajdonosa ma egy \u00fcveg garant\u00e1ltan eredeti, saj\u00e1t termel\u00e9s\u0171 m\u00e9zzel k\u00edv\u00e1nt sikert Erd\u0151s Norbert eur\u00f3pai parlamenti k\u00e9pvisel\u0151nek.<\/p>\n<div style=\"width: 640px;\" class=\"wp-video\"><!--[if lt IE 9]><script>document.createElement('video');<\/script><![endif]-->\n<video class=\"wp-video-shortcode\" id=\"video-8216-1\" width=\"640\" height=\"360\" preload=\"metadata\" controls=\"controls\"><source type=\"video\/mp4\" src=\"\/spots\/hir\/hir_180212_06.mp4?_=1\" \/><a href=\"\/spots\/hir\/hir_180212_06.mp4\">\/spots\/hir\/hir_180212_06.mp4<\/a><\/video><\/div>\n","protected":false},"excerpt":{"rendered":"<p>Magyarorsz\u00e1g Eur\u00f3pa 3. legnagyobb m\u00e9ztermel\u0151je Spanyolorsz\u00e1g \u00e9s Rom\u00e1nia ut\u00e1n. A kiv\u00e1l\u00f3 min\u0151s\u00e9g\u0171 hazai m\u00e9z csaknem 70%- a ker\u00fcl exportra, j\u00f3l lehet Eur\u00f3pa \u00e9hs\u00e9g\u00e9t ez sem csillap\u00edtja. A kontinensen m\u00e9rt ig\u00e9ny kiel\u00e9g\u00edt\u00e9s\u00e9hez tov\u00e1bbi 40%- ot kell k\u00fcls\u0151 besz\u00e1ll\u00edt\u00f3kt\u00f3l megv\u00e1s\u00e1rolni. Megd\u00f6bbent\u0151, de igaz- a f\u0151leg K\u00edn\u00e1b\u00f3l \u00e9rkez\u0151 ut\u00e1np\u00f3tl\u00e1s csaknem 20%- a hamis\u00edtv\u00e1ny, azaz m\u00e9zhez hasonl\u00f3 cukros szirup. [&hellip;]<\/p>\n","protected":false},"author":2,"featured_media":0,"comment_status":"closed","ping_status":"closed","sticky":false,"template":"","format":"standard","meta":[],"categories":[9],"tags":[],"_links":{"self":[{"href":"http:\/\/archiv.szolnoktv.hu\/index.php?rest_route=\/wp\/v2\/posts\/8216"}],"collection":[{"href":"http:\/\/archiv.szolnoktv.hu\/index.php?rest_route=\/wp\/v2\/posts"}],"about":[{"href":"http:\/\/archiv.szolnoktv.hu\/index.php?rest_route=\/wp\/v2\/types\/post"}],"author":[{"embeddable":true,"href":"http:\/\/archiv.szolnoktv.hu\/index.php?rest_route=\/wp\/v2\/users\/2"}],"replies":[{"embeddable":true,"href":"http:\/\/archiv.szolnoktv.hu\/index.php?rest_route=%2Fwp%2Fv2%2Fcomments&post=8216"}],"version-history":[{"count":1,"href":"http:\/\/archiv.szolnoktv.hu\/index.php?rest_route=\/wp\/v2\/posts\/8216\/revisions"}],"predecessor-version":[{"id":8261,"href":"http:\/\/archiv.szolnoktv.hu\/index.php?rest_route=\/wp\/v2\/posts\/8216\/revisions\/8261"}],"wp:attachment":[{"href":"http:\/\/archiv.szolnoktv.hu\/index.php?rest_route=%2Fwp%2Fv2%2Fmedia&parent=8216"}],"wp:term":[{"taxonomy":"category","embeddable":true,"href":"http:\/\/archiv.szolnoktv.hu\/index.php?rest_route=%2Fwp%2Fv2%2Fcategories&post=8216"},{"taxonomy":"post_tag","embeddable":true,"href":"http:\/\/archiv.szolnoktv.hu\/index.php?rest_route=%2Fwp%2Fv2%2Ftags&post=8216"}],"curies":[{"name":"wp","href":"https:\/\/api.w.org\/{rel}","templated":true}]}}