{"id":8215,"date":"2018-02-12T15:28:23","date_gmt":"2018-02-12T15:28:23","guid":{"rendered":"http:\/\/archiv.szolnoktv.hu\/?p=8215"},"modified":"2021-08-13T18:36:31","modified_gmt":"2021-08-13T18:36:31","slug":"belviz-helyzet","status":"publish","type":"post","link":"http:\/\/archiv.szolnoktv.hu\/?p=8215","title":{"rendered":"Belv\u00edz helyzet"},"content":{"rendered":"<div class='booster-block booster-read-block'><\/div><p>\u00dajabb k\u00e9t belv\u00edzv\u00e9delmi szakaszon kellett v\u00e9delmi k\u00e9sz\u00fclts\u00e9get elrendelni  &#8211;   \u00edgy 10 belv\u00edzv\u00e9delmi szakaszb\u00f3l 6 szakaszon van elrendelve v\u00e9dekez\u00e9s.<\/p>\n<p> -Kett\u0151 m\u00e1sodfok\u00fa k\u00e9sz\u00fclts\u00e9gben, n\u00e9gy pedig m\u00e1sodifok\u00fa k\u00e9sz\u00fclts\u00e9gben van.&#8221;<\/p>\n<p>Id\u00e9n febru\u00e1rban eddig \u00e1tlagosan 36,6 millim\u00e9ter csapad\u00e9k hullott a K\u00f6z\u00e9p-Tisza vid\u00e9ken, ami 7,1 millim\u00e9terrel t\u00f6bb a sok\u00e9ves m\u00e1sodik havi \u00e9rt\u00e9kn\u00e9l. Ennek k\u00f6vetkezt\u00e9ben egyre t\u00f6bb helyen v\u00e1lt sz\u00fcks\u00e9gess\u00e9 a szivatty\u00fatelepek \u00fczemeltet\u00e9se. M\u00e1sodfok\u00fa K\u00e9sz\u00fclts\u00e9g van a karcagi \u00e9s a kis\u00fajsz\u00e1ll\u00e1si, a kisk\u00f6rei, a kunhegyesi \u00e9s mostm\u00e1r a cibakh\u00e1zi \u00e9s mez\u0151t\u00fari szakaszon pedig els\u0151fok\u00fa.<\/p>\n<p>-Ez a fajta el\u00f6nt\u00e9s mostm\u00e1r emelkedett. A m\u00falth\u00e9t elej\u00e9n illetve a v\u00e9g\u00e9n ez 2.000-3.000 hekt\u00e1r volt mostm\u00e1r 4.850 hekt\u00e1rr\u00f3l van sz\u00f3. Ez azt jelent, hogy nem nagy, de \u00e9rkezik a ter\u00fcletr\u0151l a hozz\u00e1foly\u00e1s a lefoly\u00e1s ez mindenk\u00e9ppen a szivatty\u00fatelepekn\u00e9l \u00fczemet jelent.&#8221;  &#8211;   mondta B\u00e9k\u00e9si Istv\u00e1n v\u00e9delemvezet\u0151 helyettes.<\/p>\n<p>Az elm\u00falt 24 \u00f3r\u00e1ban a belv\u00edzv\u00e9delmi szakaszokon \u00f6sszesen 22 szivatty\u00fatelep egy\u00fcttesen 790 ezer k\u00f6bm\u00e9ter vizet emelt \u00e1t a befogad\u00f3kba. Jelenleg pedig 4.850 hekt\u00e1r van v\u00edz alatt.<\/p>\n<div style=\"width: 640px;\" class=\"wp-video\"><!--[if lt IE 9]><script>document.createElement('video');<\/script><![endif]-->\n<video class=\"wp-video-shortcode\" id=\"video-8215-1\" width=\"640\" height=\"360\" preload=\"metadata\" controls=\"controls\"><source type=\"video\/mp4\" src=\"\/spots\/hir\/hir_180212_05.mp4?_=1\" \/><a href=\"\/spots\/hir\/hir_180212_05.mp4\">\/spots\/hir\/hir_180212_05.mp4<\/a><\/video><\/div>\n","protected":false},"excerpt":{"rendered":"<p>\u00dajabb k\u00e9t belv\u00edzv\u00e9delmi szakaszon kellett v\u00e9delmi k\u00e9sz\u00fclts\u00e9get elrendelni &#8211; \u00edgy 10 belv\u00edzv\u00e9delmi szakaszb\u00f3l 6 szakaszon van elrendelve v\u00e9dekez\u00e9s. -Kett\u0151 m\u00e1sodfok\u00fa k\u00e9sz\u00fclts\u00e9gben, n\u00e9gy pedig m\u00e1sodifok\u00fa k\u00e9sz\u00fclts\u00e9gben van.&#8221; Id\u00e9n febru\u00e1rban eddig \u00e1tlagosan 36,6 millim\u00e9ter csapad\u00e9k hullott a K\u00f6z\u00e9p-Tisza vid\u00e9ken, ami 7,1 millim\u00e9terrel t\u00f6bb a sok\u00e9ves m\u00e1sodik havi \u00e9rt\u00e9kn\u00e9l. Ennek k\u00f6vetkezt\u00e9ben egyre t\u00f6bb helyen v\u00e1lt sz\u00fcks\u00e9gess\u00e9 a szivatty\u00fatelepek [&hellip;]<\/p>\n","protected":false},"author":2,"featured_media":0,"comment_status":"closed","ping_status":"closed","sticky":false,"template":"","format":"standard","meta":[],"categories":[9],"tags":[],"_links":{"self":[{"href":"http:\/\/archiv.szolnoktv.hu\/index.php?rest_route=\/wp\/v2\/posts\/8215"}],"collection":[{"href":"http:\/\/archiv.szolnoktv.hu\/index.php?rest_route=\/wp\/v2\/posts"}],"about":[{"href":"http:\/\/archiv.szolnoktv.hu\/index.php?rest_route=\/wp\/v2\/types\/post"}],"author":[{"embeddable":true,"href":"http:\/\/archiv.szolnoktv.hu\/index.php?rest_route=\/wp\/v2\/users\/2"}],"replies":[{"embeddable":true,"href":"http:\/\/archiv.szolnoktv.hu\/index.php?rest_route=%2Fwp%2Fv2%2Fcomments&post=8215"}],"version-history":[{"count":1,"href":"http:\/\/archiv.szolnoktv.hu\/index.php?rest_route=\/wp\/v2\/posts\/8215\/revisions"}],"predecessor-version":[{"id":8262,"href":"http:\/\/archiv.szolnoktv.hu\/index.php?rest_route=\/wp\/v2\/posts\/8215\/revisions\/8262"}],"wp:attachment":[{"href":"http:\/\/archiv.szolnoktv.hu\/index.php?rest_route=%2Fwp%2Fv2%2Fmedia&parent=8215"}],"wp:term":[{"taxonomy":"category","embeddable":true,"href":"http:\/\/archiv.szolnoktv.hu\/index.php?rest_route=%2Fwp%2Fv2%2Fcategories&post=8215"},{"taxonomy":"post_tag","embeddable":true,"href":"http:\/\/archiv.szolnoktv.hu\/index.php?rest_route=%2Fwp%2Fv2%2Ftags&post=8215"}],"curies":[{"name":"wp","href":"https:\/\/api.w.org\/{rel}","templated":true}]}}