{"id":8214,"date":"2018-02-12T14:48:44","date_gmt":"2018-02-12T14:48:44","guid":{"rendered":"http:\/\/archiv.szolnoktv.hu\/?p=8214"},"modified":"2021-08-13T18:36:31","modified_gmt":"2021-08-13T18:36:31","slug":"maskarade","status":"publish","type":"post","link":"http:\/\/archiv.szolnoktv.hu\/?p=8214","title":{"rendered":"Maskar\u00e1d\u00e9"},"content":{"rendered":"<div class='booster-block booster-read-block'><\/div><p>Zs\u00fafol\u00e1sig megtelt szombaton d\u00e9lut\u00e1n a Szandasz\u0151l\u0151si M\u0171vel\u0151d\u00e9si H\u00e1z sz\u00ednh\u00e1zterme.  A n\u00e9pszer\u0171 boh\u00f3c p\u00e1rosra Pudingra \u00e9s Palacsint\u00e1ra sokan k\u00edv\u00e1ncsiak voltak.Az int\u00e9zm\u00e9nyben m\u00e1r hagyom\u00e1ny, hogy febru\u00e1rban a farsangi id\u0151szakban Maskar\u00e1d\u00e9val v\u00e1rj\u00e1k a v\u00e1rosr\u00e9szben \u00e9l\u0151ket. <\/p>\n<p>-Farsang mindig volt itt Szandasz\u0151l\u0151s\u00f6n, 2010 \u00f3ta biztosan. A c\u00e9l pedig az, hogy mindenki nagyon j\u00f3l \u00e9rezze mag\u00e1t a farsangi id\u0151szakban. K\u00e9sz\u00fclt\u00fcnk mindenf\u00e9l\u00e9vel. &#8212; mondta Kiss Edit, vezet\u0151. <\/p>\n<p>Csill\u00e1mp\u00f3ni \u00e9s pillang\u00f3. Ez a k\u00e9t mot\u00edvum volt a kedvenc, szinte minden kisl\u00e1ny ezt a d\u00edsz\u00edt\u00e9st k\u00e9rte az arc\u00e1ra. <\/p>\n<p>A fi\u00fak ink\u00e1bb lufit hajtogattak vagy kiszeb\u00e1bot k\u00e9sz\u00edtettek. <br \/>A Maskar\u00e1d\u00e9 kiszeb\u00e1b \u00e9get\u00e9ssel \u00e9s \u00e9jszak\u00e1ba ny\u00fal\u00f3 t\u00e1nch\u00e1zzal z\u00e1rult. <\/p>\n<div style=\"width: 640px;\" class=\"wp-video\"><!--[if lt IE 9]><script>document.createElement('video');<\/script><![endif]-->\n<video class=\"wp-video-shortcode\" id=\"video-8214-1\" width=\"640\" height=\"360\" preload=\"metadata\" controls=\"controls\"><source type=\"video\/mp4\" src=\"\/spots\/hir\/hir_180212_04.mp4?_=1\" \/><a href=\"\/spots\/hir\/hir_180212_04.mp4\">\/spots\/hir\/hir_180212_04.mp4<\/a><\/video><\/div>\n","protected":false},"excerpt":{"rendered":"<p>Zs\u00fafol\u00e1sig megtelt szombaton d\u00e9lut\u00e1n a Szandasz\u0151l\u0151si M\u0171vel\u0151d\u00e9si H\u00e1z sz\u00ednh\u00e1zterme. A n\u00e9pszer\u0171 boh\u00f3c p\u00e1rosra Pudingra \u00e9s Palacsint\u00e1ra sokan k\u00edv\u00e1ncsiak voltak.Az int\u00e9zm\u00e9nyben m\u00e1r hagyom\u00e1ny, hogy febru\u00e1rban a farsangi id\u0151szakban Maskar\u00e1d\u00e9val v\u00e1rj\u00e1k a v\u00e1rosr\u00e9szben \u00e9l\u0151ket. -Farsang mindig volt itt Szandasz\u0151l\u0151s\u00f6n, 2010 \u00f3ta biztosan. A c\u00e9l pedig az, hogy mindenki nagyon j\u00f3l \u00e9rezze mag\u00e1t a farsangi id\u0151szakban. K\u00e9sz\u00fclt\u00fcnk mindenf\u00e9l\u00e9vel. [&hellip;]<\/p>\n","protected":false},"author":2,"featured_media":0,"comment_status":"closed","ping_status":"closed","sticky":false,"template":"","format":"standard","meta":[],"categories":[9],"tags":[],"_links":{"self":[{"href":"http:\/\/archiv.szolnoktv.hu\/index.php?rest_route=\/wp\/v2\/posts\/8214"}],"collection":[{"href":"http:\/\/archiv.szolnoktv.hu\/index.php?rest_route=\/wp\/v2\/posts"}],"about":[{"href":"http:\/\/archiv.szolnoktv.hu\/index.php?rest_route=\/wp\/v2\/types\/post"}],"author":[{"embeddable":true,"href":"http:\/\/archiv.szolnoktv.hu\/index.php?rest_route=\/wp\/v2\/users\/2"}],"replies":[{"embeddable":true,"href":"http:\/\/archiv.szolnoktv.hu\/index.php?rest_route=%2Fwp%2Fv2%2Fcomments&post=8214"}],"version-history":[{"count":1,"href":"http:\/\/archiv.szolnoktv.hu\/index.php?rest_route=\/wp\/v2\/posts\/8214\/revisions"}],"predecessor-version":[{"id":8263,"href":"http:\/\/archiv.szolnoktv.hu\/index.php?rest_route=\/wp\/v2\/posts\/8214\/revisions\/8263"}],"wp:attachment":[{"href":"http:\/\/archiv.szolnoktv.hu\/index.php?rest_route=%2Fwp%2Fv2%2Fmedia&parent=8214"}],"wp:term":[{"taxonomy":"category","embeddable":true,"href":"http:\/\/archiv.szolnoktv.hu\/index.php?rest_route=%2Fwp%2Fv2%2Fcategories&post=8214"},{"taxonomy":"post_tag","embeddable":true,"href":"http:\/\/archiv.szolnoktv.hu\/index.php?rest_route=%2Fwp%2Fv2%2Ftags&post=8214"}],"curies":[{"name":"wp","href":"https:\/\/api.w.org\/{rel}","templated":true}]}}