{"id":8213,"date":"2018-02-12T12:47:51","date_gmt":"2018-02-12T12:47:51","guid":{"rendered":"http:\/\/archiv.szolnoktv.hu\/?p=8213"},"modified":"2021-08-13T18:36:32","modified_gmt":"2021-08-13T18:36:32","slug":"keritest-dontott-a-kamion","status":"publish","type":"post","link":"http:\/\/archiv.szolnoktv.hu\/?p=8213","title":{"rendered":"Ker\u00edt\u00e9st d\u00f6nt\u00f6tt a kamion<br>"},"content":{"rendered":"<div class='booster-block booster-read-block'><\/div><p>Lak\u00f3h\u00e1z ker\u00edt\u00e9s\u00e9t d\u00f6nt\u00f6tte ki egy kamion J\u00e1szlad\u00e1nyban. A Pet\u0151fi S\u00e1ndor \u00faton egy kanyarban cs\u00faszott meg az Egerb\u0151l Szegedre cementlisztet sz\u00e1ll\u00edt\u00f3 teheraut\u00f3 ma reggel\u00a06 \u00f3ra k\u00f6r\u00fcl, majd a v\u00edzelvezet\u0151 \u00e1rkon \u00e1tugratva \u00e1tt\u00f6rte a ker\u00edt\u00e9st \u00e9s az udvarra cs\u00faszott. A t\u00f6bb tonn\u00e1s j\u00e1rm\u0171 mintegy m\u00e1sf\u00e9l m\u00e9terre \u00e1llt meg a lak\u00f3h\u00e1zt\u00f3l, amelyben az ott \u00e9l\u0151k m\u00e9g aludtak. Az \u00fctk\u00f6z\u00e9skor a kamion p\u00f3tkocsija bebicsk\u00e1zott, \u00e9s a f\u00e9l \u00fatp\u00e1ly\u00e1t elfoglalva \u00e1llt meg. A j\u00e1rm\u0171ben a sof\u0151r\u00f6n k\u00edv\u00fcl nem utazott senki, \u0151 a balesetben nem s\u00e9r\u00fclt meg, de a ment\u0151k k\u00f3rh\u00e1zba sz\u00e1ll\u00edtott\u00e1k, mert hipert\u00f3ni\u00e1s t\u00fcneteket tapasztaltak n\u00e1la. A kamion\u00a0rakom\u00e1nya sem rong\u00e1l\u00f3dott meg a balesetben. A teheraut\u00f3t a J\u00e1szlad\u00e1nyi \u00f6nkorm\u00e1nyzati t\u0171zolt\u00f3k \u00e1ramtalan\u00edtott\u00e1k, valamint a m\u0171szaki ment\u00e9st is \u0151k kezdt\u00e9k meg. A helysz\u00ednel\u00e9s \u00e9s a m\u0171szaki ment\u00e9s idej\u00e9n f\u00e9lp\u00e1ly\u00e1s \u00fatlez\u00e1r\u00e1s mellett haladt a forgalom.<\/p>\n<div style=\"width: 640px;\" class=\"wp-video\"><!--[if lt IE 9]><script>document.createElement('video');<\/script><![endif]-->\n<video class=\"wp-video-shortcode\" id=\"video-8213-1\" width=\"640\" height=\"360\" preload=\"metadata\" controls=\"controls\"><source type=\"video\/mp4\" src=\"\/spots\/hir\/hir_180212_03.mp4?_=1\" \/><a href=\"\/spots\/hir\/hir_180212_03.mp4\">\/spots\/hir\/hir_180212_03.mp4<\/a><\/video><\/div>\n","protected":false},"excerpt":{"rendered":"<p>Lak\u00f3h\u00e1z ker\u00edt\u00e9s\u00e9t d\u00f6nt\u00f6tte ki egy kamion J\u00e1szlad\u00e1nyban. A Pet\u0151fi S\u00e1ndor \u00faton egy kanyarban cs\u00faszott meg az Egerb\u0151l Szegedre cementlisztet sz\u00e1ll\u00edt\u00f3 teheraut\u00f3 ma reggel\u00a06 \u00f3ra k\u00f6r\u00fcl, majd a v\u00edzelvezet\u0151 \u00e1rkon \u00e1tugratva \u00e1tt\u00f6rte a ker\u00edt\u00e9st \u00e9s az udvarra cs\u00faszott. A t\u00f6bb tonn\u00e1s j\u00e1rm\u0171 mintegy m\u00e1sf\u00e9l m\u00e9terre \u00e1llt meg a lak\u00f3h\u00e1zt\u00f3l, amelyben az ott \u00e9l\u0151k m\u00e9g aludtak. Az [&hellip;]<\/p>\n","protected":false},"author":2,"featured_media":0,"comment_status":"closed","ping_status":"closed","sticky":false,"template":"","format":"standard","meta":[],"categories":[9],"tags":[],"_links":{"self":[{"href":"http:\/\/archiv.szolnoktv.hu\/index.php?rest_route=\/wp\/v2\/posts\/8213"}],"collection":[{"href":"http:\/\/archiv.szolnoktv.hu\/index.php?rest_route=\/wp\/v2\/posts"}],"about":[{"href":"http:\/\/archiv.szolnoktv.hu\/index.php?rest_route=\/wp\/v2\/types\/post"}],"author":[{"embeddable":true,"href":"http:\/\/archiv.szolnoktv.hu\/index.php?rest_route=\/wp\/v2\/users\/2"}],"replies":[{"embeddable":true,"href":"http:\/\/archiv.szolnoktv.hu\/index.php?rest_route=%2Fwp%2Fv2%2Fcomments&post=8213"}],"version-history":[{"count":1,"href":"http:\/\/archiv.szolnoktv.hu\/index.php?rest_route=\/wp\/v2\/posts\/8213\/revisions"}],"predecessor-version":[{"id":8264,"href":"http:\/\/archiv.szolnoktv.hu\/index.php?rest_route=\/wp\/v2\/posts\/8213\/revisions\/8264"}],"wp:attachment":[{"href":"http:\/\/archiv.szolnoktv.hu\/index.php?rest_route=%2Fwp%2Fv2%2Fmedia&parent=8213"}],"wp:term":[{"taxonomy":"category","embeddable":true,"href":"http:\/\/archiv.szolnoktv.hu\/index.php?rest_route=%2Fwp%2Fv2%2Fcategories&post=8213"},{"taxonomy":"post_tag","embeddable":true,"href":"http:\/\/archiv.szolnoktv.hu\/index.php?rest_route=%2Fwp%2Fv2%2Ftags&post=8213"}],"curies":[{"name":"wp","href":"https:\/\/api.w.org\/{rel}","templated":true}]}}