{"id":8211,"date":"2018-02-12T12:20:34","date_gmt":"2018-02-12T12:20:34","guid":{"rendered":"http:\/\/archiv.szolnoktv.hu\/?p=8211"},"modified":"2021-08-13T18:36:33","modified_gmt":"2021-08-13T18:36:33","slug":"atlasz-gabor-kiallitas-a-muvesztelepen","status":"publish","type":"post","link":"http:\/\/archiv.szolnoktv.hu\/?p=8211","title":{"rendered":"Atlasz G\u00e1bor ki\u00e1ll\u00edt\u00e1s a M\u0171v\u00e9sztelepen"},"content":{"rendered":"<div class='booster-block booster-read-block'><\/div><p>&#8216;<\/p>\n<p>Atlasz G\u00e1bor korunk egyik legtehets\u00e9gesebbnek mondott \u00e9s tal\u00e1n legsokoldal\u00fabb m\u0171v\u00e9sze. Nev\u00e9t nemcsak a fest\u00e9szet tette h\u00edress\u00e9, hanem a mozg\u00e1ssz\u00ednh\u00e1zi \u00e9s egyben fest\u0151 \u00e9szj\u00e1r\u00e1ssal megrendezett \u00f6sszm\u0171v\u00e9szeti, sz\u00ednh\u00e1zi, t\u00e1nc-performanszai, melyek egyed\u00fcl\u00e1ll\u00f3 m\u00f3don \u00f6tv\u00f6zik a zene, a sz\u00ednh\u00e1z \u00e9s a fest\u00e9szet ny\u00fajtotta m\u0171faji, formai lehet\u0151s\u00e9geket. Atlasz G\u00e1bor a Magyar K\u00e9pz\u0151m\u0171v\u00e9szeti Egyetem fest\u0151 szak\u00e1n diplom\u00e1zott. Fest\u00e9szeti munk\u00e1ss\u00e1g\u00e1t t\u00f6bb orsz\u00e1gos t\u00e1rlat is f\u00f4d\u00edj\u00e1val ismerte el, 2008  &#8211;   ban vehette \u00e1t az Oktat\u00e1si \u00e9s Kultur\u00e1lis Miniszt\u00e9rium nagyd\u00edj\u00e1t Tagja t\u00f6bb m&#038;#251<br \/>\n<br \/>\nvekkel gyarap\u00edtja a jelenkori magyar pikt\u00far\u00e1t. <\/p>\n<p>-Moralit\u00e1s, szakralit\u00e1s, filoz\u00f3fia, h\u00e9tk\u00f6znapi egyszer\u0171 ban\u00e1lis dolgok mind itt pofozkodnak egym\u00e1son. Csak olyasmir\u0151l besz\u00e9lni, ami \u00e9rdemes arra, hogy k\u00f6z\u00fcggy\u00e9 tegyem. &#8211;<\/p>\n<p>A szolnoki M\u0171v\u00e9sztelepre 19 k\u00fcl\u00f6nleges festm\u00e9nnyel \u00e9rkezett az alkot\u00f3. <br \/>A t\u00e1rlat m\u00e1rcius 5-ig tekinthet\u0151 meg a Kert Gal\u00e9ri\u00e1ban.  &#8216;<\/p>\n","protected":false},"excerpt":{"rendered":"<p>&#8216; Atlasz G\u00e1bor korunk egyik legtehets\u00e9gesebbnek mondott \u00e9s tal\u00e1n legsokoldal\u00fabb m\u0171v\u00e9sze. Nev\u00e9t nemcsak a fest\u00e9szet tette h\u00edress\u00e9, hanem a mozg\u00e1ssz\u00ednh\u00e1zi \u00e9s egyben fest\u0151 \u00e9szj\u00e1r\u00e1ssal megrendezett \u00f6sszm\u0171v\u00e9szeti, sz\u00ednh\u00e1zi, t\u00e1nc-performanszai, melyek egyed\u00fcl\u00e1ll\u00f3 m\u00f3don \u00f6tv\u00f6zik a zene, a sz\u00ednh\u00e1z \u00e9s a fest\u00e9szet ny\u00fajtotta m\u0171faji, formai lehet\u0151s\u00e9geket. Atlasz G\u00e1bor a Magyar K\u00e9pz\u0151m\u0171v\u00e9szeti Egyetem fest\u0151 szak\u00e1n diplom\u00e1zott. Fest\u00e9szeti munk\u00e1ss\u00e1g\u00e1t t\u00f6bb [&hellip;]<\/p>\n","protected":false},"author":2,"featured_media":0,"comment_status":"closed","ping_status":"closed","sticky":false,"template":"","format":"standard","meta":[],"categories":[9],"tags":[],"_links":{"self":[{"href":"http:\/\/archiv.szolnoktv.hu\/index.php?rest_route=\/wp\/v2\/posts\/8211"}],"collection":[{"href":"http:\/\/archiv.szolnoktv.hu\/index.php?rest_route=\/wp\/v2\/posts"}],"about":[{"href":"http:\/\/archiv.szolnoktv.hu\/index.php?rest_route=\/wp\/v2\/types\/post"}],"author":[{"embeddable":true,"href":"http:\/\/archiv.szolnoktv.hu\/index.php?rest_route=\/wp\/v2\/users\/2"}],"replies":[{"embeddable":true,"href":"http:\/\/archiv.szolnoktv.hu\/index.php?rest_route=%2Fwp%2Fv2%2Fcomments&post=8211"}],"version-history":[{"count":1,"href":"http:\/\/archiv.szolnoktv.hu\/index.php?rest_route=\/wp\/v2\/posts\/8211\/revisions"}],"predecessor-version":[{"id":8266,"href":"http:\/\/archiv.szolnoktv.hu\/index.php?rest_route=\/wp\/v2\/posts\/8211\/revisions\/8266"}],"wp:attachment":[{"href":"http:\/\/archiv.szolnoktv.hu\/index.php?rest_route=%2Fwp%2Fv2%2Fmedia&parent=8211"}],"wp:term":[{"taxonomy":"category","embeddable":true,"href":"http:\/\/archiv.szolnoktv.hu\/index.php?rest_route=%2Fwp%2Fv2%2Fcategories&post=8211"},{"taxonomy":"post_tag","embeddable":true,"href":"http:\/\/archiv.szolnoktv.hu\/index.php?rest_route=%2Fwp%2Fv2%2Ftags&post=8211"}],"curies":[{"name":"wp","href":"https:\/\/api.w.org\/{rel}","templated":true}]}}