{"id":8178,"date":"2018-02-09T19:04:08","date_gmt":"2018-02-09T19:04:08","guid":{"rendered":"http:\/\/archiv.szolnoktv.hu\/?p=8178"},"modified":"2021-08-13T18:28:41","modified_gmt":"2021-08-13T18:28:41","slug":"felelosseggel-a-madarakert","status":"publish","type":"post","link":"http:\/\/archiv.szolnoktv.hu\/?p=8178","title":{"rendered":"Felel\u0151ss\u00e9ggel a madarak\u00e9rt"},"content":{"rendered":"<div class='booster-block booster-read-block'><\/div><p>Egy \u00edzletes mad\u00e1rcsemege, a mad\u00e1rkal\u00e1cs legf\u0151bb hozz\u00e1val\u00f3ival ismerkedtek a lurk\u00f3k a j\u00e1szber\u00e9nyi \u00e1llatkertben. Faggy\u00fa, feh\u00e9r \u00e9s s\u00e1rga k\u00f6les, napraforg\u00f3mag, zab \u00e9s f\u00e9nymag. A mad\u00e1rkal\u00e1cs legfontosabb hozz\u00e1val\u00f3i. \u00c9letment\u0151 eledel a mad\u00e1rvil\u00e1gnak, melyet mi is k\u00f6nnyen elk\u00e9sz\u00edthet\u00fcnk. K\u00e1r, hogy nem l\u00e1tt\u00e1k a csicserg\u0151 \u00e1llatk\u00e1k, micsoda lelkesed\u00e9ssel k\u00e9sz\u00fclt sz\u00e1mukra a f\u00e1ra akaszthat\u00f3, magos desszert. <\/p>\n<p>-&#8221; &#8220;Ilyenkor ezek a kis \u00e1llatk\u00e1k nagyon kev\u00e9s eles\u00e9get tal\u00e1lnak a term\u00e9szetben, \u00e9s hogyha mi elkezdj\u00fck \u0151ket etetni, akkor ez seg\u00edti a t\u00e9li t\u00fal\u00e9l\u00e9s\u00fcket. Nagyon fontos szab\u00e1ly a mad\u00e1retet\u00e9sben, hogyha elkezdt\u00fck, akkor ezt folyamatosan kell tenni, akkor is, ha egy kicsit jobb id\u0151 lesz, hiszen most ahogy l\u00e1tjuk, \u00e9ppen s\u00fct a nap, de tudjuk, hogy j\u00f6n m\u00e9g a t\u00e9l, meg a zord id\u0151, hogyha a madarak m\u00e1r odaszoktak az etet\u0151nkre, akkor nem szabad \u0151ket cserbenhagyni, akkor amikor rossz id\u0151 van.&#8221;-mondta el Fercsik P\u00e9ter, a Jszber\u00e9nyi \u00c1llat- \u00e9s N\u00f6v\u00e9nykert gy\u0171jtem\u00e9nyvezet\u0151je.<\/p>\n<p>A t\u00e1pl\u00e1l\u00e9k ut\u00e1np\u00f3tl\u00e1s mellett, fontos, hogy a megv\u00e1s\u00e1rolt vagy bark\u00e1csolt etet\u0151nek, legyen pereme, sz\u00e9lv\u00e9dett \u00e9s gy\u00e9r forgalm\u00fa helyre tegy\u00fck. <\/p>\n<p>&#8212; &#8220;Etet\u00e9skor lehet\u0151leg zs\u00edros, olajos magvakat adjunk nekik, gondolok itt a di\u00f3ra, napraforg\u00f3ra els\u0151sorban. Jellemz\u0151en az emberek otthon nem mad\u00e1rkal\u00e1csot k\u00e9sz\u00edtenek, hanem csak kisz\u00f3rnak magokat az etet\u0151be, fontos, hogy ezek magok legyenek, \u00e9s ne p\u00e9ks\u00fctem\u00e9nyeknek a morzs\u00e1i, mert hogyha az nedvess\u00e9get kap, a mad\u00e1rnak a bel\u00e9ben az elz\u00e1r\u00f3d\u00e1st okozhat.&#8221;-tette hozz\u00e1 a gy\u0171jtem\u00e9nyvezet\u0151.<br \/>\n<br \/>\n<div style=\"width: 640px;\" class=\"wp-video\"><!--[if lt IE 9]><script>document.createElement('video');<\/script><![endif]-->\n<video class=\"wp-video-shortcode\" id=\"video-8178-1\" width=\"640\" height=\"360\" preload=\"metadata\" controls=\"controls\"><source type=\"video\/mp4\" src=\"\/spots\/hir\/hir_180209_05.mp4?_=1\" \/><a href=\"\/spots\/hir\/hir_180209_05.mp4\">\/spots\/hir\/hir_180209_05.mp4<\/a><\/video><\/div><\/p>\n","protected":false},"excerpt":{"rendered":"<p>Egy \u00edzletes mad\u00e1rcsemege, a mad\u00e1rkal\u00e1cs legf\u0151bb hozz\u00e1val\u00f3ival ismerkedtek a lurk\u00f3k a j\u00e1szber\u00e9nyi \u00e1llatkertben. Faggy\u00fa, feh\u00e9r \u00e9s s\u00e1rga k\u00f6les, napraforg\u00f3mag, zab \u00e9s f\u00e9nymag. A mad\u00e1rkal\u00e1cs legfontosabb hozz\u00e1val\u00f3i. \u00c9letment\u0151 eledel a mad\u00e1rvil\u00e1gnak, melyet mi is k\u00f6nnyen elk\u00e9sz\u00edthet\u00fcnk. K\u00e1r, hogy nem l\u00e1tt\u00e1k a csicserg\u0151 \u00e1llatk\u00e1k, micsoda lelkesed\u00e9ssel k\u00e9sz\u00fclt sz\u00e1mukra a f\u00e1ra akaszthat\u00f3, magos desszert. -&#8221; &#8220;Ilyenkor ezek a [&hellip;]<\/p>\n","protected":false},"author":2,"featured_media":0,"comment_status":"closed","ping_status":"closed","sticky":false,"template":"","format":"standard","meta":[],"categories":[9],"tags":[],"_links":{"self":[{"href":"http:\/\/archiv.szolnoktv.hu\/index.php?rest_route=\/wp\/v2\/posts\/8178"}],"collection":[{"href":"http:\/\/archiv.szolnoktv.hu\/index.php?rest_route=\/wp\/v2\/posts"}],"about":[{"href":"http:\/\/archiv.szolnoktv.hu\/index.php?rest_route=\/wp\/v2\/types\/post"}],"author":[{"embeddable":true,"href":"http:\/\/archiv.szolnoktv.hu\/index.php?rest_route=\/wp\/v2\/users\/2"}],"replies":[{"embeddable":true,"href":"http:\/\/archiv.szolnoktv.hu\/index.php?rest_route=%2Fwp%2Fv2%2Fcomments&post=8178"}],"version-history":[{"count":1,"href":"http:\/\/archiv.szolnoktv.hu\/index.php?rest_route=\/wp\/v2\/posts\/8178\/revisions"}],"predecessor-version":[{"id":8179,"href":"http:\/\/archiv.szolnoktv.hu\/index.php?rest_route=\/wp\/v2\/posts\/8178\/revisions\/8179"}],"wp:attachment":[{"href":"http:\/\/archiv.szolnoktv.hu\/index.php?rest_route=%2Fwp%2Fv2%2Fmedia&parent=8178"}],"wp:term":[{"taxonomy":"category","embeddable":true,"href":"http:\/\/archiv.szolnoktv.hu\/index.php?rest_route=%2Fwp%2Fv2%2Fcategories&post=8178"},{"taxonomy":"post_tag","embeddable":true,"href":"http:\/\/archiv.szolnoktv.hu\/index.php?rest_route=%2Fwp%2Fv2%2Ftags&post=8178"}],"curies":[{"name":"wp","href":"https:\/\/api.w.org\/{rel}","templated":true}]}}