{"id":8177,"date":"2018-02-09T17:14:22","date_gmt":"2018-02-09T17:14:22","guid":{"rendered":"http:\/\/archiv.szolnoktv.hu\/?p=8177"},"modified":"2021-08-13T18:28:42","modified_gmt":"2021-08-13T18:28:42","slug":"elkeszult-a-mora-uti-rendelo-epulete","status":"publish","type":"post","link":"http:\/\/archiv.szolnoktv.hu\/?p=8177","title":{"rendered":"Elk\u00e9sz\u00fclt a M\u00f3ra \u00fati rendel\u0151 \u00e9p\u00fclete<br>"},"content":{"rendered":"<div class='booster-block booster-read-block'><\/div><p>T\u0171zv\u00e9delmi oktat\u00e1s a megsz\u00e9p\u00fclt M\u00f3ra \u00fati rendel\u0151ben. Ezen minden dolgoz\u00f3nak k\u00f6telez\u0151 r\u00e9szt vennie, m\u00e9g miel\u0151tt birtokba veszik az \u00e9p\u00fcletet. M\u00e1r csak p\u00e1r nap \u00e9s indulhat a munka a kor k\u00f6vetelm\u00e9nyeinek megfelel\u0151 teljes k\u00f6r\u0171en fel\u00faj\u00edtott rendel\u0151ben. <\/p>\n<p>-Febru\u00e1r 12-\u00e9n rem\u00e9nyeink szerint egy eur\u00f3pai n\u00edv\u00f3j\u00fa rendel\u0151 fog megny\u00edlni. Az als\u00f3 szinten hat orvosi rendel\u0151 lesz, minden orvosnak k\u00fcl\u00f6n rendel\u0151je, ami azt gondolom nagyon l\u00e9nyeges \u00e9s j\u00f3 dolog. A f\u00f6ls\u0151 szinten pedig h\u00e9t v\u00e9d\u0151n\u0151i k\u00f6rzet kap helyet.&#8221; &#8211; mondta Dr. Kov\u00e1cs \u00c9va, vezet\u0151 f\u0151orvos <\/p>\n<p>A M\u00f3ra \u00fati rendel\u0151 tavaly m\u00e1rciusban z\u00e1rt be, a v\u00e9d\u0151n\u0151i k\u00f6rzetek \u00e9s a gyermekorvosi praxisok is a v\u00e1ros k\u00fcl\u00f6nb\u00f6z\u0151 pontjaira k\u00f6lt\u00f6ztek. Az orvosok azt mondj\u00e1k, nem okozott k\u00fcl\u00f6n\u00f6sebb probl\u00e9m\u00e1t sem sz\u00e1mukra, sem pedig a betegnek,  hogy ideiglenesen m\u00e1shol fogadt\u00e1k \u0151ket. A meg\u00fajult rendel\u0151nek mindenki \u00f6r\u00fcl. <\/p>\n<p>&#8211; Nagyobb lesz a hely mindenkinek lesz saj\u00e1t rendel\u0151je, \u00fagy rendezi be ahogy szeretn\u00e9.  Meg kell szoknunk az egy\u00fcttl\u00e9tet, t\u00f6bben lesz\u00fcnk itt a rendel\u00e9sek idej\u00e9n.&#8221; &#8211; mondta Dr. Orosz \u00c1gnes, gyermekorvos. <\/p>\n<p>-Bababar\u00e1t, kismamabar\u00e1t helyre j\u00f6tt\u00fcnk vissza, amellett hogy nagyon sz\u00e9p korszer\u0171 \u00e9s minden \u00faj. \u00c9s ami nagyon hasznos, hogy lift lesz, m\u0171k\u00f6d\u00e9sbe fog l\u00e9pni. K\u00f6nnyebb a kismam\u00e1knak a v\u00e9d\u0151n\u0151h\u00f6z felj\u00f6nni. &#8211; &#8211; tette hozz\u00e1 Sz\u0151k\u00e9n\u00e9 Sz\u00e9kely Erzs\u00e9bet, v\u00e9d\u0151n\u0151<\/p>\n<p>Az 1970-es \u00e9vekben szab\u00f3s\u00e1gnak k\u00e9sz\u00fclt \u00e9p\u00fcletnek negyven \u00e9vet kellett v\u00e1rnai a fel\u00faj\u00edt\u00e1sra. A rekonstrukci\u00f3 Sz\u00e9chenyi 2020 program keret\u00e9ben 210 milli\u00f3 forint eur\u00f3pai uni\u00f3s t\u00e1mogat\u00e1s seg\u00edts\u00e9g\u00e9vel val\u00f3sult meg.<br \/>\n<br \/>\n<div style=\"width: 640px;\" class=\"wp-video\"><!--[if lt IE 9]><script>document.createElement('video');<\/script><![endif]-->\n<video class=\"wp-video-shortcode\" id=\"video-8177-1\" width=\"640\" height=\"360\" preload=\"metadata\" controls=\"controls\"><source type=\"video\/mp4\" src=\"\/spots\/hir\/hir_180209_03.mp4?_=1\" \/><a href=\"\/spots\/hir\/hir_180209_03.mp4\">\/spots\/hir\/hir_180209_03.mp4<\/a><\/video><\/div><\/p>\n","protected":false},"excerpt":{"rendered":"<p>T\u0171zv\u00e9delmi oktat\u00e1s a megsz\u00e9p\u00fclt M\u00f3ra \u00fati rendel\u0151ben. Ezen minden dolgoz\u00f3nak k\u00f6telez\u0151 r\u00e9szt vennie, m\u00e9g miel\u0151tt birtokba veszik az \u00e9p\u00fcletet. M\u00e1r csak p\u00e1r nap \u00e9s indulhat a munka a kor k\u00f6vetelm\u00e9nyeinek megfelel\u0151 teljes k\u00f6r\u0171en fel\u00faj\u00edtott rendel\u0151ben. -Febru\u00e1r 12-\u00e9n rem\u00e9nyeink szerint egy eur\u00f3pai n\u00edv\u00f3j\u00fa rendel\u0151 fog megny\u00edlni. Az als\u00f3 szinten hat orvosi rendel\u0151 lesz, minden orvosnak k\u00fcl\u00f6n [&hellip;]<\/p>\n","protected":false},"author":2,"featured_media":0,"comment_status":"closed","ping_status":"closed","sticky":false,"template":"","format":"standard","meta":[],"categories":[9],"tags":[],"_links":{"self":[{"href":"http:\/\/archiv.szolnoktv.hu\/index.php?rest_route=\/wp\/v2\/posts\/8177"}],"collection":[{"href":"http:\/\/archiv.szolnoktv.hu\/index.php?rest_route=\/wp\/v2\/posts"}],"about":[{"href":"http:\/\/archiv.szolnoktv.hu\/index.php?rest_route=\/wp\/v2\/types\/post"}],"author":[{"embeddable":true,"href":"http:\/\/archiv.szolnoktv.hu\/index.php?rest_route=\/wp\/v2\/users\/2"}],"replies":[{"embeddable":true,"href":"http:\/\/archiv.szolnoktv.hu\/index.php?rest_route=%2Fwp%2Fv2%2Fcomments&post=8177"}],"version-history":[{"count":1,"href":"http:\/\/archiv.szolnoktv.hu\/index.php?rest_route=\/wp\/v2\/posts\/8177\/revisions"}],"predecessor-version":[{"id":8180,"href":"http:\/\/archiv.szolnoktv.hu\/index.php?rest_route=\/wp\/v2\/posts\/8177\/revisions\/8180"}],"wp:attachment":[{"href":"http:\/\/archiv.szolnoktv.hu\/index.php?rest_route=%2Fwp%2Fv2%2Fmedia&parent=8177"}],"wp:term":[{"taxonomy":"category","embeddable":true,"href":"http:\/\/archiv.szolnoktv.hu\/index.php?rest_route=%2Fwp%2Fv2%2Fcategories&post=8177"},{"taxonomy":"post_tag","embeddable":true,"href":"http:\/\/archiv.szolnoktv.hu\/index.php?rest_route=%2Fwp%2Fv2%2Ftags&post=8177"}],"curies":[{"name":"wp","href":"https:\/\/api.w.org\/{rel}","templated":true}]}}