{"id":8176,"date":"2018-02-09T16:53:23","date_gmt":"2018-02-09T16:53:23","guid":{"rendered":"http:\/\/archiv.szolnoktv.hu\/?p=8176"},"modified":"2021-08-13T18:28:42","modified_gmt":"2021-08-13T18:28:42","slug":"az-ev-minden-napjan-varjak-a-kutyabarat-orokbefogadokat","status":"publish","type":"post","link":"http:\/\/archiv.szolnoktv.hu\/?p=8176","title":{"rendered":"Az \u00e9v minden napj\u00e1n v\u00e1rj\u00e1k a kutyabar\u00e1t \u00f6r\u00f6kbefogad\u00f3kat"},"content":{"rendered":"<div class='booster-block booster-read-block'><\/div><p>A t\u00e9li id\u0151szakban is \u00e9rkeznek \u00e9rdekl\u0151d\u0151k a Szolnok V\u00e1rosi \u00c1llatotthon Alap\u00edtv\u00e1ny telephely\u00e9re. Tapasztalatok szerint a hideg id\u0151 be\u00e1llt\u00e1val lecs\u00f6kken az \u00f6r\u00f6kbefogad\u00e1sok sz\u00e1ma. Az alap\u00edtv\u00e1ny 40 kennelj\u00e9ben eg\u00e9sz \u00e9vben telt h\u00e1z van, t\u00e9len azonban n\u00e9h\u00e1ny h\u00f3nap alatt 20-30 ebbel is n\u0151 a l\u00e9tsz\u00e1m. Az \u00f6r\u00f6kbefogad\u00e1sok sz\u00e1ma tavasszal n\u0151 meg.<\/p>\n<p>&#8220;M\u00e1r most tal\u00e1lkozok olyan jel\u00f6lttel, aki tavasszal szeretne \u00f6r\u00f6kbe fogadni, de mindig elmondom, hogy m\u00e1r most j\u00f6het, \u00edgy k\u00e9t \u00e9letet megment, mert amelyik kuty\u00e1t elviszi azt is, \u00e9s a hely\u00e9re \u00fajat tudunk befogadni. Minden kutya a kor\u00e1nak megfelel\u0151 olt\u00e1ssal rendelkezik, chippel van ell\u00e1tva \u00e9s minden kutya ivartalan\u00edtott, ami fontos, hogy a felesleges szaporulatot elker\u00fclj\u00fck.&#8221; -mondta TARPAI ENIK\u00d5 a Szolnok V\u00e1rosi \u00c1llatotthon Alap\u00edtv\u00e1ny f\u0151munkat\u00e1rsa.<\/p>\n<p>A kuty\u00e1k majd mindegyike az utc\u00e1r\u00f3l ker\u00fcl az \u00e1llatotthonba. \u00d5ket els\u0151sorban a gyepmester viszi a telephelyre, de el\u0151fordul, hogy mag\u00e1nszem\u00e9lyek fogj\u00e1k be az \u00e1llatot.<\/p>\n<p>A legkisebb kutyusok azonnal rajong\u00f3t tal\u00e1lnak, \u00e1m a p\u00e1r \u00e9ves, nagyobb test\u0171 ebeket is kedvelik. Ez ut\u00f3bbiakat els\u0151sorban h\u00e1z\u0151rz\u0151nek viszik. Aki \u00fagy d\u00f6nt, hogy sz\u00edvesen \u00f6r\u00f6kbe fogadna egyet, kedden \u00e9s cs\u00fct\u00f6rt\u00f6k\u00f6n 10 \u00e9s 12 \u00f3ra k\u00f6z\u00f6tt, szombaton 8 \u00e9s 10 \u00f3ra k\u00f6z\u00f6tt megteheti.<br \/>\n<br \/>\n<div style=\"width: 640px;\" class=\"wp-video\"><!--[if lt IE 9]><script>document.createElement('video');<\/script><![endif]-->\n<video class=\"wp-video-shortcode\" id=\"video-8176-1\" width=\"640\" height=\"360\" preload=\"metadata\" controls=\"controls\"><source type=\"video\/mp4\" src=\"\/spots\/hir\/hir_180209_02.mp4?_=1\" \/><a href=\"\/spots\/hir\/hir_180209_02.mp4\">\/spots\/hir\/hir_180209_02.mp4<\/a><\/video><\/div><\/p>\n","protected":false},"excerpt":{"rendered":"<p>A t\u00e9li id\u0151szakban is \u00e9rkeznek \u00e9rdekl\u0151d\u0151k a Szolnok V\u00e1rosi \u00c1llatotthon Alap\u00edtv\u00e1ny telephely\u00e9re. Tapasztalatok szerint a hideg id\u0151 be\u00e1llt\u00e1val lecs\u00f6kken az \u00f6r\u00f6kbefogad\u00e1sok sz\u00e1ma. Az alap\u00edtv\u00e1ny 40 kennelj\u00e9ben eg\u00e9sz \u00e9vben telt h\u00e1z van, t\u00e9len azonban n\u00e9h\u00e1ny h\u00f3nap alatt 20-30 ebbel is n\u0151 a l\u00e9tsz\u00e1m. Az \u00f6r\u00f6kbefogad\u00e1sok sz\u00e1ma tavasszal n\u0151 meg. &#8220;M\u00e1r most tal\u00e1lkozok olyan jel\u00f6lttel, aki tavasszal [&hellip;]<\/p>\n","protected":false},"author":2,"featured_media":0,"comment_status":"closed","ping_status":"closed","sticky":false,"template":"","format":"standard","meta":[],"categories":[9],"tags":[],"_links":{"self":[{"href":"http:\/\/archiv.szolnoktv.hu\/index.php?rest_route=\/wp\/v2\/posts\/8176"}],"collection":[{"href":"http:\/\/archiv.szolnoktv.hu\/index.php?rest_route=\/wp\/v2\/posts"}],"about":[{"href":"http:\/\/archiv.szolnoktv.hu\/index.php?rest_route=\/wp\/v2\/types\/post"}],"author":[{"embeddable":true,"href":"http:\/\/archiv.szolnoktv.hu\/index.php?rest_route=\/wp\/v2\/users\/2"}],"replies":[{"embeddable":true,"href":"http:\/\/archiv.szolnoktv.hu\/index.php?rest_route=%2Fwp%2Fv2%2Fcomments&post=8176"}],"version-history":[{"count":1,"href":"http:\/\/archiv.szolnoktv.hu\/index.php?rest_route=\/wp\/v2\/posts\/8176\/revisions"}],"predecessor-version":[{"id":8181,"href":"http:\/\/archiv.szolnoktv.hu\/index.php?rest_route=\/wp\/v2\/posts\/8176\/revisions\/8181"}],"wp:attachment":[{"href":"http:\/\/archiv.szolnoktv.hu\/index.php?rest_route=%2Fwp%2Fv2%2Fmedia&parent=8176"}],"wp:term":[{"taxonomy":"category","embeddable":true,"href":"http:\/\/archiv.szolnoktv.hu\/index.php?rest_route=%2Fwp%2Fv2%2Fcategories&post=8176"},{"taxonomy":"post_tag","embeddable":true,"href":"http:\/\/archiv.szolnoktv.hu\/index.php?rest_route=%2Fwp%2Fv2%2Ftags&post=8176"}],"curies":[{"name":"wp","href":"https:\/\/api.w.org\/{rel}","templated":true}]}}