{"id":8175,"date":"2018-02-09T16:51:49","date_gmt":"2018-02-09T16:51:49","guid":{"rendered":"http:\/\/archiv.szolnoktv.hu\/?p=8175"},"modified":"2021-08-13T18:28:42","modified_gmt":"2021-08-13T18:28:42","slug":"ujabb-gepek-erkeznek-a-szolnoki-reptarba","status":"publish","type":"post","link":"http:\/\/archiv.szolnoktv.hu\/?p=8175","title":{"rendered":"\u00dajabb g\u00e9pek \u00e9rkeznek a szolnoki Rept\u00e1rba"},"content":{"rendered":"<div class='booster-block booster-read-block'><\/div><p>Cs\u0151rike neve minden szolnoki el\u0151tt ismer\u0151sen cseng, 2000-ben megkapott egyedi fest\u00e9s\u00e9nek k\u00f6sz\u00f6nhet\u0151en ugyanis \u00e9veken \u00e1t a szolnoki l\u00e9gi bemutat\u00f3k  \u00fcnnepelt szt\u00e1rja volt.  A r\u00e9tisas mint\u00e1j\u00e1val ell\u00e1tott helikopter  m\u00e1r nem rep\u00fcl, \u00e1m ann\u00e1l t\u00f6bb a csod\u00e1l\u00f3ja a szolnoki rep\u00fcl\u0151m\u00fazeumban. Hamarosan meg\u00e9rkezik testv\u00e9re is  &#8211;   m\u00e9ghozz\u00e1 m\u00e1sodmag\u00e1val. <\/p>\n<p>-Az \u00e9v els\u0151 fel\u00e9ben v\u00e1rjuk Cs\u0151rike 2-t MI24 harci helikoptert, illetve nekik m\u00e9g egy testv\u00e9r\u00fck \u00e9rkezik ide, a Szarvasteh\u00e9n nevezet\u0171 harci helikopter, ami a szarvasteh\u00e9n fest\u00e9st kapta meg.&#8221; &#8211; mondta Fekete Bal\u00e1zs, m\u00fazeumpedag\u00f3gus. <\/p>\n<p>Az \u00e9v m\u00e1sodik fel\u00e9ben k\u00e9t igazi k\u00fcl\u00f6nlegess\u00e9g \u00e9rkezik a Rept\u00e1rba. Egy Loyd t\u00edpus\u00fa 1914-es rep\u00fcl\u0151g\u00e9p illetve egy Brandenburg t\u00edpus\u00fa rep\u00fcl\u0151g\u00e9p, melyet az osztr\u00e1k -magyar monarchia haszn\u00e1lt az els\u0151 vil\u00e1gh\u00e1bor\u00fa idej\u00e9n. <\/p>\n<p>K\u00e9t g\u00e9p kiv\u00e9tel\u00e9vel a vasmadarak a Honv\u00e9delmi Miniszt\u00e9rium tulajdon\u00e1t k\u00e9pezik. <\/p>\n<p>-Van olyan g\u00e9p, amit megv\u00e1s\u00e1roltunk, p\u00e9ld\u00e1ul ez a m\u00f6g\u00f6ttem l\u00e1that\u00f3 replika, illetve ez a Mikl\u00f3s Z\u00f6gling rep\u00fcl\u0151g\u00e9p, viszont a g\u00e9peink nagy r\u00e9sze a honv\u00e9delmi miniszt\u00e9rium tulajdona, mi itt mint ki\u00e1ll\u00edt\u00f3hely \u00fczemel\u00fcnk Szolnokon.&#8221; <\/p>\n<p> Fekete Bal\u00e1zs elmondta: terveik k\u00f6zt szerepel, hogy a mil\u00e1n\u00f3i DaVinci m\u00fazeummal egy\u00fcttm\u0171k\u00f6d\u00e9si meg\u00e1llapod\u00e1st k\u00f6tnek. \u00cdgy ha minden j\u00f3l alakul, 2019-ben egy M24-es sportrep\u00fcl\u0151g\u00e9p is a Rept\u00e1rba ker\u00fcl. Ez az egyetlen olyan sportrep\u00fcl\u0151g\u00e9p, ami magyar tervez\u00e9s\u0171, Magyarorsz\u00e1gon k\u00e9sz\u00fclt \u00e9s t\u00fal\u00e9lte a II. vil\u00e1gh\u00e1bor\u00fat. Jelenleg 45 rep\u00fcl\u0151g\u00e9p tekinthet\u0151 meg a rep\u00fcl\u0151m\u00fazeumban. <\/p>\n<div style=\"width: 640px;\" class=\"wp-video\"><!--[if lt IE 9]><script>document.createElement('video');<\/script><![endif]-->\n<video class=\"wp-video-shortcode\" id=\"video-8175-1\" width=\"640\" height=\"360\" preload=\"metadata\" controls=\"controls\"><source type=\"video\/mp4\" src=\"\/spots\/hir\/hir_180209_06.mp4?_=1\" \/><a href=\"\/spots\/hir\/hir_180209_06.mp4\">\/spots\/hir\/hir_180209_06.mp4<\/a><\/video><\/div>\n","protected":false},"excerpt":{"rendered":"<p>Cs\u0151rike neve minden szolnoki el\u0151tt ismer\u0151sen cseng, 2000-ben megkapott egyedi fest\u00e9s\u00e9nek k\u00f6sz\u00f6nhet\u0151en ugyanis \u00e9veken \u00e1t a szolnoki l\u00e9gi bemutat\u00f3k \u00fcnnepelt szt\u00e1rja volt. A r\u00e9tisas mint\u00e1j\u00e1val ell\u00e1tott helikopter m\u00e1r nem rep\u00fcl, \u00e1m ann\u00e1l t\u00f6bb a csod\u00e1l\u00f3ja a szolnoki rep\u00fcl\u0151m\u00fazeumban. Hamarosan meg\u00e9rkezik testv\u00e9re is &#8211; m\u00e9ghozz\u00e1 m\u00e1sodmag\u00e1val. -Az \u00e9v els\u0151 fel\u00e9ben v\u00e1rjuk Cs\u0151rike 2-t MI24 harci helikoptert, [&hellip;]<\/p>\n","protected":false},"author":2,"featured_media":0,"comment_status":"closed","ping_status":"closed","sticky":false,"template":"","format":"standard","meta":[],"categories":[9],"tags":[],"_links":{"self":[{"href":"http:\/\/archiv.szolnoktv.hu\/index.php?rest_route=\/wp\/v2\/posts\/8175"}],"collection":[{"href":"http:\/\/archiv.szolnoktv.hu\/index.php?rest_route=\/wp\/v2\/posts"}],"about":[{"href":"http:\/\/archiv.szolnoktv.hu\/index.php?rest_route=\/wp\/v2\/types\/post"}],"author":[{"embeddable":true,"href":"http:\/\/archiv.szolnoktv.hu\/index.php?rest_route=\/wp\/v2\/users\/2"}],"replies":[{"embeddable":true,"href":"http:\/\/archiv.szolnoktv.hu\/index.php?rest_route=%2Fwp%2Fv2%2Fcomments&post=8175"}],"version-history":[{"count":1,"href":"http:\/\/archiv.szolnoktv.hu\/index.php?rest_route=\/wp\/v2\/posts\/8175\/revisions"}],"predecessor-version":[{"id":8182,"href":"http:\/\/archiv.szolnoktv.hu\/index.php?rest_route=\/wp\/v2\/posts\/8175\/revisions\/8182"}],"wp:attachment":[{"href":"http:\/\/archiv.szolnoktv.hu\/index.php?rest_route=%2Fwp%2Fv2%2Fmedia&parent=8175"}],"wp:term":[{"taxonomy":"category","embeddable":true,"href":"http:\/\/archiv.szolnoktv.hu\/index.php?rest_route=%2Fwp%2Fv2%2Fcategories&post=8175"},{"taxonomy":"post_tag","embeddable":true,"href":"http:\/\/archiv.szolnoktv.hu\/index.php?rest_route=%2Fwp%2Fv2%2Ftags&post=8175"}],"curies":[{"name":"wp","href":"https:\/\/api.w.org\/{rel}","templated":true}]}}