{"id":8174,"date":"2018-02-09T16:43:34","date_gmt":"2018-02-09T16:43:34","guid":{"rendered":"http:\/\/archiv.szolnoktv.hu\/?p=8174"},"modified":"2021-08-13T18:28:42","modified_gmt":"2021-08-13T18:28:42","slug":"saras-ut-a-nyar-utcai-tanyahoz","status":"publish","type":"post","link":"http:\/\/archiv.szolnoktv.hu\/?p=8174","title":{"rendered":"Saras \u00fat a Ny\u00e1r utcai tany\u00e1hoz"},"content":{"rendered":"<div class='booster-block booster-read-block'><\/div><p>Nincsenek egyszer\u0171 helyzetben a volt gyermekv\u00e1ros m\u00f6g\u00f6tti Ny\u00e1r utca lak\u00f3i. A Sz\u00e9chenyi \u00f6v\u00e1rok mellett p\u00e1r \u00e9ve k\u0151vel megsz\u00f3rt f\u00f6ld\u00fat ilyenkor ugyancsak nehezen j\u00e1rhat\u00f3. Most m\u00e9gsem els\u0151sorban ez b\u00e1ntja az \u00fat ment\u00e9n lak\u00f3 R\u00e1cz Editet \u00e9s csal\u00e1dj\u00e1t. Elmond\u00e1suk szerint az egyik tanya tulajdonosa szegi meg az \u00edratlan szab\u00e1lyt.<\/p>\n<p>&#8220;Aki nem tartja be \u00e9s k\u00f6zter\u00fcleten, meg mag\u00e1nter\u00fcleten k\u00f6zlekedik egy terepj\u00e1r\u00f3val. Ami egy f\u00fcves ter\u00fclet \u00e9s a kutyafuttat\u00e1sra is fenntartott ter\u00fclet.&#8221; <\/p>\n<p>A panaszos szerint a t\u00e1voli tany\u00e1t kor\u00e1bban a Ka\u00e1n K\u00e1roly \u00fatra vezet\u0151 saj\u00e1t f\u00f6ld\u00faton k\u00f6zel\u00edtette meg a tulajdonos. Most azonban a legel\u0151t vette c\u00e9lba.<\/p>\n<p>&#8220;H\u00e1t itt is. M\u00e1r ugye m\u00e1r nem tud \u00e1tj\u00e1rni mert itt is elakadt \u0151 is elakadt \u00e9s akkor most m\u00e1r \u0151 is amott bentebb j\u00e1r. \u00dagyhogy meg lehet n\u00e9zni azt is f\u00f6l lehet venni mert egyre t\u00f6bbet elvesz a gyepb\u0151l. \u00c9s egyszer\u0171en nem tudom, hogy hogy gondolja \u0151 ezt mert ez mag\u00e1nter\u00fclet.&#8221;<\/p>\n<p>K\u00edv\u00e1ncsiak voltunk a gazd\u00e1lkod\u00f3 v\u00e9lem\u00e9ny\u00e9re is, ez\u00e9rt elindultunk a tanya fel\u00e9. Nem volt egyszer\u0171 dolgunk. A parkerd\u0151 szomsz\u00e9ds\u00e1g\u00e1ban \u00e1ll\u00f3 tany\u00e1ra hamarosan meg is \u00e9rkezik a tulajdonos&#8230; a tengerr\u00e9 v\u00e1lt legel\u0151n kereszt\u00fcl. B\u00e1r val\u00f3ban- a Ka\u00e1n K\u00e1roly \u00fatra is vezet egy \u00fat- ami r\u00e1ad\u00e1sul r\u00f6videbb is- a gazd\u00e1lkod\u00f3t\u00f3l megtudtuk, hogy ez ilyenkor j\u00e1rhatatlan. Egy\u00e9bk\u00e9nt- \u00e1ll\u00edtja- a t\u00e9rk\u00e9pen az \u00f6v\u00e1rokkal p\u00e1rhuzamos r\u00e9sz eredend\u0151en \u00fat. Az eml\u00edtett legel\u0151r\u00e9sz tulajdonos\u00e1val pedig kor\u00e1bban egyeztettek. Ig\u00e9nybe vehetik a ter\u00fcletet, amit garant\u00e1ltan rendbe tesznek tavasszal. Akkorra m\u00e1r a Ka\u00e1n K\u00e1roly \u00fati kivezet\u0151 szakasz is j\u00e1rhat\u00f3v\u00e1 v\u00e1lik. A tany\u00e1n egy\u00e9bk\u00e9nt t\u00f6bb mint negyven tehenet tartanak. Ebb\u0151l \u00e9lnek- ez\u00e9rt l\u00e9tfontoss\u00e1g\u00fa, hogy naponta t\u00f6bbsz\u00f6r is kij\u00e1rjanak. Tudj\u00e1k, hogy a legel\u0151 egy r\u00e9sz\u00e9t ezzel id\u0151legesen t\u00f6nkre teszik, de- mint mondj\u00e1k- nincs m\u00e1s megold\u00e1s. \u00dat\u00e9p\u00edt\u00e9s egyel\u0151re nincs tervbe v\u00e9ve, marad teh\u00e1t minden r\u00e9giben &#8230; legal\u00e1bbis am\u00edg a belv\u00edz vissza nem h\u00faz\u00f3dik.<br \/>\n<br \/>\n<div style=\"width: 640px;\" class=\"wp-video\"><!--[if lt IE 9]><script>document.createElement('video');<\/script><![endif]-->\n<video class=\"wp-video-shortcode\" id=\"video-8174-1\" width=\"640\" height=\"360\" preload=\"metadata\" controls=\"controls\"><source type=\"video\/mp4\" src=\"\/spots\/hir\/hir_180209_01.mp4?_=1\" \/><a href=\"\/spots\/hir\/hir_180209_01.mp4\">\/spots\/hir\/hir_180209_01.mp4<\/a><\/video><\/div><\/p>\n","protected":false},"excerpt":{"rendered":"<p>Nincsenek egyszer\u0171 helyzetben a volt gyermekv\u00e1ros m\u00f6g\u00f6tti Ny\u00e1r utca lak\u00f3i. A Sz\u00e9chenyi \u00f6v\u00e1rok mellett p\u00e1r \u00e9ve k\u0151vel megsz\u00f3rt f\u00f6ld\u00fat ilyenkor ugyancsak nehezen j\u00e1rhat\u00f3. Most m\u00e9gsem els\u0151sorban ez b\u00e1ntja az \u00fat ment\u00e9n lak\u00f3 R\u00e1cz Editet \u00e9s csal\u00e1dj\u00e1t. Elmond\u00e1suk szerint az egyik tanya tulajdonosa szegi meg az \u00edratlan szab\u00e1lyt. &#8220;Aki nem tartja be \u00e9s k\u00f6zter\u00fcleten, meg mag\u00e1nter\u00fcleten [&hellip;]<\/p>\n","protected":false},"author":2,"featured_media":0,"comment_status":"closed","ping_status":"closed","sticky":false,"template":"","format":"standard","meta":[],"categories":[9],"tags":[],"_links":{"self":[{"href":"http:\/\/archiv.szolnoktv.hu\/index.php?rest_route=\/wp\/v2\/posts\/8174"}],"collection":[{"href":"http:\/\/archiv.szolnoktv.hu\/index.php?rest_route=\/wp\/v2\/posts"}],"about":[{"href":"http:\/\/archiv.szolnoktv.hu\/index.php?rest_route=\/wp\/v2\/types\/post"}],"author":[{"embeddable":true,"href":"http:\/\/archiv.szolnoktv.hu\/index.php?rest_route=\/wp\/v2\/users\/2"}],"replies":[{"embeddable":true,"href":"http:\/\/archiv.szolnoktv.hu\/index.php?rest_route=%2Fwp%2Fv2%2Fcomments&post=8174"}],"version-history":[{"count":1,"href":"http:\/\/archiv.szolnoktv.hu\/index.php?rest_route=\/wp\/v2\/posts\/8174\/revisions"}],"predecessor-version":[{"id":8183,"href":"http:\/\/archiv.szolnoktv.hu\/index.php?rest_route=\/wp\/v2\/posts\/8174\/revisions\/8183"}],"wp:attachment":[{"href":"http:\/\/archiv.szolnoktv.hu\/index.php?rest_route=%2Fwp%2Fv2%2Fmedia&parent=8174"}],"wp:term":[{"taxonomy":"category","embeddable":true,"href":"http:\/\/archiv.szolnoktv.hu\/index.php?rest_route=%2Fwp%2Fv2%2Fcategories&post=8174"},{"taxonomy":"post_tag","embeddable":true,"href":"http:\/\/archiv.szolnoktv.hu\/index.php?rest_route=%2Fwp%2Fv2%2Ftags&post=8174"}],"curies":[{"name":"wp","href":"https:\/\/api.w.org\/{rel}","templated":true}]}}