{"id":8173,"date":"2018-02-09T16:35:22","date_gmt":"2018-02-09T16:35:22","guid":{"rendered":"http:\/\/archiv.szolnoktv.hu\/?p=8173"},"modified":"2021-08-13T18:28:42","modified_gmt":"2021-08-13T18:28:42","slug":"februar-15-ig-lehet-jelentkezni-a-pilotakepzesre","status":"publish","type":"post","link":"http:\/\/archiv.szolnoktv.hu\/?p=8173","title":{"rendered":"Febru\u00e1r 15-ig lehet jelentkezni a pil\u00f3tak\u00e9pz\u00e9sre"},"content":{"rendered":"<div class='booster-block booster-read-block'><\/div><p>A pil\u00f3tak\u00e9pz\u00e9sre felv\u00e9telt nyer\u0151k is kipr\u00f3b\u00e1lhatj\u00e1k majd azt a szimul\u00e1tort, amibe Radnai \u00c1d\u00e1m f\u0151hadnagy is be\u00fclhetett. K\u00f6zel 20 \u00e9v ut\u00e1n, a k\u00f6vetkez\u0151, azaz a 2018\/19-es tan\u00e9vben indul \u00fajra l\u00e9gij\u00e1rm\u0171vezet\u0151 \u00e9s katonai l\u00e9giir\u00e1ny\u00edt\u00f3 szak a Nemzeti K\u00f6zszolg\u00e1lati Egyetemen. A felv\u00e9teliz\u0151knek \u00e1t kell esni\u00fck orvosi \u00e9s fizikai valamint rep\u00fcl\u00e9si alkalmass\u00e1gi vizsg\u00e1laton is valamint rendelkezni\u00fck kell k\u00f6z\u00e9pfok\u00fa komplex angol nyelvvizsg\u00e1val. A k\u00e9pz\u00e9s 4 \u00e9ves, melynek els\u0151 fel\u00e9ben elm\u00e9leti oktat\u00e1st kapnak, m\u00e1sodik fel\u00e9ben viszont gyakorlat is v\u00e1r r\u00e1juk.<\/p>\n<p>-Az els\u0151 n\u00e9gy szemesztert Budapesten t\u00f6ltik, itt az els\u0151 id\u0151szakban \u00e1ltal\u00e1nos katonai, term\u00e9szettudom\u00e1nyos, k\u00f6zigazgat\u00e1si, k\u00f6zszolg\u00e1lati ismereteket tanulnak, hum\u00e1n \u00e9s gazdas\u00e1gi ismereteket saj\u00e1t\u00edtanak el. A negyedik szemeszterben m\u00e1r a rep\u00fcl\u00e9shez, ir\u00e1ny\u00edt\u00e1shoz kapcsol\u00f3d\u00f3 alapvet\u0151 ismereteket is megkapnak Budapesten, majd a tanulm\u00e1nyaikat itt Szolnokon folytatj\u00e1k.&#8221;  &#8211;   mondta Dr. Palik M\u00e1ty\u00e1s ezredes a NKE Katonai Rep\u00fcl\u0151int\u00e9zet vezet\u0151je.<\/p>\n<p>A megyesz\u00e9khelyen m\u00e1r a leveg\u0151be is emelkedhetnek. K\u00fcl\u00f6nb\u00f6z\u0151 helikoptereken \u00e9s Zlin t\u00edpus\u00fa rep\u00fcl\u0151g\u00e9pen kell teljes\u00edteni\u00fck 220 \u00f3r\u00e1t. A pil\u00f3t\u00e1kra sz\u00fcks\u00e9g van, hiszen a Zr\u00ednyi 2026 program keret\u00e9ben a l\u00e9gier\u0151ben is \u00faj k\u00e9pess\u00e9gek jelennek meg valamint \u00faj technikai eszk\u00f6z\u00f6k is \u00e9rkeznek Magyarorsz\u00e1gra, melyekhez k\u00e9pzett pil\u00f3t\u00e1k kellenek.<\/p>\n<p>-A g\u00e9pek megjelen\u00e9s\u00e9vel, amit lesz\u00e1ll onnant\u00f3l sz\u00fcks\u00e9g lenne r\u00e1 pil\u00f3t\u00e1ra. Term\u00e9szetesen rendelkez\u00fcnk jelenleg elegend\u0151 sz\u00e1m\u00fa pil\u00f3t\u00e1val, de a j\u00f6v\u0151t tervezni kell, a j\u00f6v\u0151re gondolni kell \u00e9s id\u0151ben kell elind\u00edtani ezt a pil\u00f3tak\u00e9pz\u00e9st. Nyugodt sz\u00edvvel j\u00f6hetnek a fiatalok hiszen lesz munkahely\u00fck, gy\u00f6ny\u00f6r\u0171 hivat\u00e1suk, lesz min rep\u00fclni \u00e9s lesz feladat term\u00e9szetesen.&#8221;  &#8211;   mondta Dr. Koller J\u00f3zsef dand\u00e1rt\u00e1bornok, b\u00e1zisparancsnok.<\/p>\n<p>Az \u00faj k\u00e9pz\u00e9si koncepci\u00f3nak kezelnie kell azt a helyzetet is, hogy a rep\u00fcl\u0151g\u00e9p-vezet\u0151k \u00e1tlag\u00e9letkora negyven \u00e9v f\u00f6l\u00e9 tol\u00f3dott, de p\u00e9ld\u00e1ul a helikopterszem\u00e9lyzetn\u00e9l ez 45-50 \u00e9ves \u00e9letkort jelent. C\u00e9l teh\u00e1t a fiatal\u00edt\u00e1s, az \u00e1llom\u00e1ny \u00e1tlag\u00e9letkor\u00e1nak cs\u00f6kkent\u00e9se is.<br \/>\n<br \/>\n<div style=\"width: 640px;\" class=\"wp-video\"><!--[if lt IE 9]><script>document.createElement('video');<\/script><![endif]-->\n<video class=\"wp-video-shortcode\" id=\"video-8173-1\" width=\"640\" height=\"360\" preload=\"metadata\" controls=\"controls\"><source type=\"video\/mp4\" src=\"\/spots\/hir\/hir_180209_04.mp4?_=1\" \/><a href=\"\/spots\/hir\/hir_180209_04.mp4\">\/spots\/hir\/hir_180209_04.mp4<\/a><\/video><\/div><\/p>\n","protected":false},"excerpt":{"rendered":"<p>A pil\u00f3tak\u00e9pz\u00e9sre felv\u00e9telt nyer\u0151k is kipr\u00f3b\u00e1lhatj\u00e1k majd azt a szimul\u00e1tort, amibe Radnai \u00c1d\u00e1m f\u0151hadnagy is be\u00fclhetett. K\u00f6zel 20 \u00e9v ut\u00e1n, a k\u00f6vetkez\u0151, azaz a 2018\/19-es tan\u00e9vben indul \u00fajra l\u00e9gij\u00e1rm\u0171vezet\u0151 \u00e9s katonai l\u00e9giir\u00e1ny\u00edt\u00f3 szak a Nemzeti K\u00f6zszolg\u00e1lati Egyetemen. A felv\u00e9teliz\u0151knek \u00e1t kell esni\u00fck orvosi \u00e9s fizikai valamint rep\u00fcl\u00e9si alkalmass\u00e1gi vizsg\u00e1laton is valamint rendelkezni\u00fck kell k\u00f6z\u00e9pfok\u00fa komplex [&hellip;]<\/p>\n","protected":false},"author":2,"featured_media":0,"comment_status":"closed","ping_status":"closed","sticky":false,"template":"","format":"standard","meta":[],"categories":[9],"tags":[],"_links":{"self":[{"href":"http:\/\/archiv.szolnoktv.hu\/index.php?rest_route=\/wp\/v2\/posts\/8173"}],"collection":[{"href":"http:\/\/archiv.szolnoktv.hu\/index.php?rest_route=\/wp\/v2\/posts"}],"about":[{"href":"http:\/\/archiv.szolnoktv.hu\/index.php?rest_route=\/wp\/v2\/types\/post"}],"author":[{"embeddable":true,"href":"http:\/\/archiv.szolnoktv.hu\/index.php?rest_route=\/wp\/v2\/users\/2"}],"replies":[{"embeddable":true,"href":"http:\/\/archiv.szolnoktv.hu\/index.php?rest_route=%2Fwp%2Fv2%2Fcomments&post=8173"}],"version-history":[{"count":1,"href":"http:\/\/archiv.szolnoktv.hu\/index.php?rest_route=\/wp\/v2\/posts\/8173\/revisions"}],"predecessor-version":[{"id":8184,"href":"http:\/\/archiv.szolnoktv.hu\/index.php?rest_route=\/wp\/v2\/posts\/8173\/revisions\/8184"}],"wp:attachment":[{"href":"http:\/\/archiv.szolnoktv.hu\/index.php?rest_route=%2Fwp%2Fv2%2Fmedia&parent=8173"}],"wp:term":[{"taxonomy":"category","embeddable":true,"href":"http:\/\/archiv.szolnoktv.hu\/index.php?rest_route=%2Fwp%2Fv2%2Fcategories&post=8173"},{"taxonomy":"post_tag","embeddable":true,"href":"http:\/\/archiv.szolnoktv.hu\/index.php?rest_route=%2Fwp%2Fv2%2Ftags&post=8173"}],"curies":[{"name":"wp","href":"https:\/\/api.w.org\/{rel}","templated":true}]}}