{"id":8172,"date":"2018-02-08T18:20:09","date_gmt":"2018-02-08T18:20:09","guid":{"rendered":"http:\/\/archiv.szolnoktv.hu\/?p=8172"},"modified":"2021-08-13T18:28:43","modified_gmt":"2021-08-13T18:28:43","slug":"folyamatosan-szukseg-van-veradokra","status":"publish","type":"post","link":"http:\/\/archiv.szolnoktv.hu\/?p=8172","title":{"rendered":"Folyamatosan sz\u00fcks\u00e9g van v\u00e9rad\u00f3kra"},"content":{"rendered":"<div class='booster-block booster-read-block'><\/div><p>\u00c1tlagosan 45 egys\u00e9g v\u00e9rt vesznek le naponta, \u00e9ves szinten pedig ez 1800 egys\u00e9get jelent. Ennyi sz\u00fcks\u00e9ges az orsz\u00e1gos ig\u00e9ny ell\u00e1t\u00e1s\u00e1hoz. 35 szakember dolgozik a ter\u00fcleti v\u00e9rell\u00e1t\u00f3ban, melyb\u0151l 15 szerte az eg\u00e9sz megy\u00e9ben mindennap v\u00e9rv\u00e9teli akci\u00f3kat bonyol\u00edt le. Gyakorlatilag 12 \u00f3r\u00e1ban veszik a v\u00e9rt. Ennek k\u00f6sz\u00f6nhet\u0151en tudnak a betegeken seg\u00edteni.<\/p>\n<p> Jelen pillanatban viszonylag j\u00f3 k\u00e9szlet\u00fcnk van, a mai napon minden ig\u00e9nyt tudtunk teljes\u00edteni. Rem\u00e9lem ez az elk\u00f6vetkezend\u0151 napokban is \u00edgy lesz.&#8221; -mondta el k\u00e9rd\u00e9s\u00fcnkre Dr. Tomek \u00c1gnes vezet\u0151 f\u0151orvos.<\/p>\n<p>Nagy az ell\u00e1t\u00e1si ter\u00fclet is  -folytatta a ter\u00fcleti v\u00e9rell\u00e1t\u00f3 vezet\u0151je. A karcagi K\u00e1tay k\u00f3rh\u00e1zon k\u00edv\u00fcl minden int\u00e9zm\u00e9ny Szolnokhoz tartozik. R\u00e9gen k\u00f6nnyebben meg tudtak felelni az ig\u00e9nyeknek, egy-egy v\u00e9rad\u00e1s sor\u00e1n sokkal t\u00f6bben csatlakoztak a kezdem\u00e9nyez\u00e9shez.<\/p>\n<p>-R\u00e9gen sokkal k\u00f6nnyebb dolgunk volt, hiszen \u00fagymond brig\u00e1d feladatnak sz\u00e1m\u00edtott a v\u00e9rad\u00e1s, a nagy l\u00e9tsz\u00e1m\u00fa nagy ipari c\u00e9gek, mez\u0151gazdas\u00e1gi termel\u0151sz\u00f6vetkezetek j\u00f3 \u00e9s sok donort biztos\u00edtott, t\u00e1mogatt\u00e1k a munk\u00e1ltat\u00f3k a v\u00e9rad\u00e1st. Egyr\u00e9szt azzal, hogy az id\u0151t r\u00e1sz\u00e1nt\u00e1k, m\u00e1sr\u00e9szt a vezet\u0151k szponzor\u00e1lt\u00e1k azzal, hogy minden dolgoz\u00f3juk, aki v\u00e9rt adott k\u00fcl\u00f6n eb\u00e9det kap. Ma m\u00e1r ez nagyon ritka.&#8221;<\/p>\n<p>Els\u0151 sorban a lakoss\u00e1gi v\u00e9rad\u00e1sokb\u00f3l gy\u0171jtik a v\u00e9rt. Reggel 8-t\u00f3l 14-ig v\u00e1rj\u00e1k a donorokat a Szolnok Ter\u00fcleti V\u00e9rell\u00e1t\u00f3ba. 18-60 \u00e9ves kor k\u00f6z\u00f6tt lehet v\u00e9rad\u00e1sra jelentkezni, h\u00e1rom havonta. Felt\u00e9tel a minimum 50 kilogrammos tests\u00faly. A v\u00e9rad\u00e1ssal nem csak m\u00e1sokon, de saj\u00e1t magunkon is seg\u00edthet\u00fcnk. Hiszen \u00edgy sok betegs\u00e9g idej\u00e9ben felfedezhet\u0151 \u00e9s kezelhet\u0151 is.<br \/>\n<br \/>\n<div style=\"width: 640px;\" class=\"wp-video\"><!--[if lt IE 9]><script>document.createElement('video');<\/script><![endif]-->\n<video class=\"wp-video-shortcode\" id=\"video-8172-1\" width=\"640\" height=\"360\" preload=\"metadata\" controls=\"controls\"><source type=\"video\/mp4\" src=\"\/spots\/hir\/hir_180208_06.mp4?_=1\" \/><a href=\"\/spots\/hir\/hir_180208_06.mp4\">\/spots\/hir\/hir_180208_06.mp4<\/a><\/video><\/div><\/p>\n","protected":false},"excerpt":{"rendered":"<p>\u00c1tlagosan 45 egys\u00e9g v\u00e9rt vesznek le naponta, \u00e9ves szinten pedig ez 1800 egys\u00e9get jelent. Ennyi sz\u00fcks\u00e9ges az orsz\u00e1gos ig\u00e9ny ell\u00e1t\u00e1s\u00e1hoz. 35 szakember dolgozik a ter\u00fcleti v\u00e9rell\u00e1t\u00f3ban, melyb\u0151l 15 szerte az eg\u00e9sz megy\u00e9ben mindennap v\u00e9rv\u00e9teli akci\u00f3kat bonyol\u00edt le. Gyakorlatilag 12 \u00f3r\u00e1ban veszik a v\u00e9rt. Ennek k\u00f6sz\u00f6nhet\u0151en tudnak a betegeken seg\u00edteni. Jelen pillanatban viszonylag j\u00f3 k\u00e9szlet\u00fcnk van, [&hellip;]<\/p>\n","protected":false},"author":2,"featured_media":0,"comment_status":"closed","ping_status":"closed","sticky":false,"template":"","format":"standard","meta":[],"categories":[9],"tags":[],"_links":{"self":[{"href":"http:\/\/archiv.szolnoktv.hu\/index.php?rest_route=\/wp\/v2\/posts\/8172"}],"collection":[{"href":"http:\/\/archiv.szolnoktv.hu\/index.php?rest_route=\/wp\/v2\/posts"}],"about":[{"href":"http:\/\/archiv.szolnoktv.hu\/index.php?rest_route=\/wp\/v2\/types\/post"}],"author":[{"embeddable":true,"href":"http:\/\/archiv.szolnoktv.hu\/index.php?rest_route=\/wp\/v2\/users\/2"}],"replies":[{"embeddable":true,"href":"http:\/\/archiv.szolnoktv.hu\/index.php?rest_route=%2Fwp%2Fv2%2Fcomments&post=8172"}],"version-history":[{"count":1,"href":"http:\/\/archiv.szolnoktv.hu\/index.php?rest_route=\/wp\/v2\/posts\/8172\/revisions"}],"predecessor-version":[{"id":8185,"href":"http:\/\/archiv.szolnoktv.hu\/index.php?rest_route=\/wp\/v2\/posts\/8172\/revisions\/8185"}],"wp:attachment":[{"href":"http:\/\/archiv.szolnoktv.hu\/index.php?rest_route=%2Fwp%2Fv2%2Fmedia&parent=8172"}],"wp:term":[{"taxonomy":"category","embeddable":true,"href":"http:\/\/archiv.szolnoktv.hu\/index.php?rest_route=%2Fwp%2Fv2%2Fcategories&post=8172"},{"taxonomy":"post_tag","embeddable":true,"href":"http:\/\/archiv.szolnoktv.hu\/index.php?rest_route=%2Fwp%2Fv2%2Ftags&post=8172"}],"curies":[{"name":"wp","href":"https:\/\/api.w.org\/{rel}","templated":true}]}}