{"id":8171,"date":"2018-02-08T17:29:00","date_gmt":"2018-02-08T17:29:00","guid":{"rendered":"http:\/\/archiv.szolnoktv.hu\/?p=8171"},"modified":"2021-08-13T18:28:43","modified_gmt":"2021-08-13T18:28:43","slug":"levertek-a-fecskefeszkeket-a-tisza-szallo-arkadjanal","status":"publish","type":"post","link":"http:\/\/archiv.szolnoktv.hu\/?p=8171","title":{"rendered":"Levert\u00e9k a fecskef\u00e9szkeket a Tisza Sz\u00e1ll\u00f3 \u00e1rk\u00e1dj\u00e1n\u00e1l"},"content":{"rendered":"<div class='booster-block booster-read-block'><\/div><p>A Term\u00e9szet B\u00e9k\u00e9j\u00e9nek K\u00f6vetei Egyes\u00fclet eln\u00f6ke a szolnoki Tisza Sz\u00e1ll\u00f3hoz szervezett sajt\u00f3t\u00e1j\u00e9koztat\u00f3n sz\u00e1molt be szervezete valamint  mag\u00e1nszem\u00e9lyek felh\u00e1borod\u00e1s\u00e1r\u00f3l. Az egyes\u00fclet tagjai vett\u00e9k \u00e9szre, hogy t\u00f6bb mint h\u00fasz moln\u00e1rfecskef\u00e9szket vertek le ismeretlenek a sz\u00e1lloda \u00e1rk\u00e1dja alatt. <\/p>\n<p>-24 darab fecskef\u00e9szket vertek le, teljesen \u00e9p f\u00e9szkeket., ami r\u00e1ad\u00e1sul nem is szennyezett, mert a pelusok ott vannak, viszont amiben verebek vannak, amit meg lehetett volna \u00e9rteni, ha leverik, azt nem b\u00e1ntott\u00e1k.&#8221;  <\/p>\n<p> Hetrovicz B. Gy\u00f6rgy  azt mondta, nem tudj\u00e1k kik vert\u00e9k le a f\u00e9szkeket, de szerint\u00fck a Tisza Sz\u00e1ll\u00f3 tulajdonosait zavart\u00e1k a madarak. <\/p>\n<p>-Legyen meg aki ezt csin\u00e1lta, \u00e9s s\u00falyos b\u00fcntet\u00e9sre sz\u00e1m\u00edtunk a t\u00f6rv\u00e9ny r\u00e9sz\u00e9r\u0151l, mert ha valami term\u00e9szetk\u00e1ros\u00edt\u00e1s, akkor ez vastagon az.&#8221;<\/p>\n<p>Megkerest\u00fck a Tisza Sz\u00e1ll\u00f3 tulajdonos\u00e1t is. Peng Piroska azt mondta: felh\u00e1borodott, amikor meghallotta mivel v\u00e1dolt\u00e1k \u0151ket. <br \/>Peng Piroska hangs\u00falyozta: nemcsak \u0151, hanem  a sz\u00e1lloda dolgoz\u00f3i is lelkes \u00e1llatv\u00e9d\u0151k. A bels\u0151 udvaron m\u00e9g fel\u00faj\u00edt\u00e1skor sem engedt\u00e9k, hogy a f\u00e9szkekhez hozz\u00e1ny\u00faljanak. Ez\u00e9rt is megd\u00f6bbent\u0151, hogy term\u00e9szetk\u00e1ros\u00edt\u00e1ssal v\u00e1dolj\u00e1k \u0151ket. &#8211; vette \u00e1t a sz\u00f3t a tulajdonos szem\u00e9lyi asszisztense. <\/p>\n<p>-Ezeket a v\u00e1dakat teljes m\u00e9rt\u00e9kben visszautas\u00edtjuk, ezek r\u00e1galmaz\u00e1sok, alaptalan r\u00e1galmaz\u00e1sok. Mi ilyen utas\u00edt\u00e1sokat nem adtunk. A v\u00e1dakat kik\u00e9rj\u00fck mind a vezet\u0151s\u00e9g mind a dolgoz\u00f3k nev\u00e9ben. Ennek tudat\u00e1ban a megfelel\u0151 jogi l\u00e9p\u00e9seket megtett\u00fck.&#8221; &#8211; mondta Barab\u00e1s Gy\u00f6ngyi, szem\u00e9lyi asszisztens. <\/p>\n<p>Egyel\u0151re teh\u00e1t nem tudni ki verte le a f\u00e9szkeket a Tisza Sz\u00e1ll\u00f3 \u00e1rk\u00e1dja alatt. Az azonban biztos, hogy a vonatkoz\u00f3 t\u00f6rv\u00e9ny szerint, aki k\u00e9tsz\u00e1z\u00f6tvenezer forintot meghalad\u00f3 madarat puszt\u00edt el, m\u00e9g \u00fagy is, hogy k\u00f6lt\u0151hely\u00e9t teszi t\u00f6nkre, b\u0171ncselekm\u00e9nyt k\u00f6vet el.  <\/p>\n<div style=\"width: 640px;\" class=\"wp-video\"><!--[if lt IE 9]><script>document.createElement('video');<\/script><![endif]-->\n<video class=\"wp-video-shortcode\" id=\"video-8171-1\" width=\"640\" height=\"360\" preload=\"metadata\" controls=\"controls\"><source type=\"video\/mp4\" src=\"\/spots\/hir\/hir_180208_05.mp4?_=1\" \/><a href=\"\/spots\/hir\/hir_180208_05.mp4\">\/spots\/hir\/hir_180208_05.mp4<\/a><\/video><\/div>\n","protected":false},"excerpt":{"rendered":"<p>A Term\u00e9szet B\u00e9k\u00e9j\u00e9nek K\u00f6vetei Egyes\u00fclet eln\u00f6ke a szolnoki Tisza Sz\u00e1ll\u00f3hoz szervezett sajt\u00f3t\u00e1j\u00e9koztat\u00f3n sz\u00e1molt be szervezete valamint mag\u00e1nszem\u00e9lyek felh\u00e1borod\u00e1s\u00e1r\u00f3l. Az egyes\u00fclet tagjai vett\u00e9k \u00e9szre, hogy t\u00f6bb mint h\u00fasz moln\u00e1rfecskef\u00e9szket vertek le ismeretlenek a sz\u00e1lloda \u00e1rk\u00e1dja alatt. -24 darab fecskef\u00e9szket vertek le, teljesen \u00e9p f\u00e9szkeket., ami r\u00e1ad\u00e1sul nem is szennyezett, mert a pelusok ott vannak, viszont amiben [&hellip;]<\/p>\n","protected":false},"author":2,"featured_media":0,"comment_status":"closed","ping_status":"closed","sticky":false,"template":"","format":"standard","meta":[],"categories":[9],"tags":[],"_links":{"self":[{"href":"http:\/\/archiv.szolnoktv.hu\/index.php?rest_route=\/wp\/v2\/posts\/8171"}],"collection":[{"href":"http:\/\/archiv.szolnoktv.hu\/index.php?rest_route=\/wp\/v2\/posts"}],"about":[{"href":"http:\/\/archiv.szolnoktv.hu\/index.php?rest_route=\/wp\/v2\/types\/post"}],"author":[{"embeddable":true,"href":"http:\/\/archiv.szolnoktv.hu\/index.php?rest_route=\/wp\/v2\/users\/2"}],"replies":[{"embeddable":true,"href":"http:\/\/archiv.szolnoktv.hu\/index.php?rest_route=%2Fwp%2Fv2%2Fcomments&post=8171"}],"version-history":[{"count":1,"href":"http:\/\/archiv.szolnoktv.hu\/index.php?rest_route=\/wp\/v2\/posts\/8171\/revisions"}],"predecessor-version":[{"id":8186,"href":"http:\/\/archiv.szolnoktv.hu\/index.php?rest_route=\/wp\/v2\/posts\/8171\/revisions\/8186"}],"wp:attachment":[{"href":"http:\/\/archiv.szolnoktv.hu\/index.php?rest_route=%2Fwp%2Fv2%2Fmedia&parent=8171"}],"wp:term":[{"taxonomy":"category","embeddable":true,"href":"http:\/\/archiv.szolnoktv.hu\/index.php?rest_route=%2Fwp%2Fv2%2Fcategories&post=8171"},{"taxonomy":"post_tag","embeddable":true,"href":"http:\/\/archiv.szolnoktv.hu\/index.php?rest_route=%2Fwp%2Fv2%2Ftags&post=8171"}],"curies":[{"name":"wp","href":"https:\/\/api.w.org\/{rel}","templated":true}]}}