{"id":8170,"date":"2018-02-08T17:27:15","date_gmt":"2018-02-08T17:27:15","guid":{"rendered":"http:\/\/archiv.szolnoktv.hu\/?p=8170"},"modified":"2021-08-13T18:28:43","modified_gmt":"2021-08-13T18:28:43","slug":"bemutattak-az-lmp-jeloltjeit","status":"publish","type":"post","link":"http:\/\/archiv.szolnoktv.hu\/?p=8170","title":{"rendered":"Bemutatt\u00e1k az LMP jel\u00f6ltjeit"},"content":{"rendered":"<div class='booster-block booster-read-block'><\/div><p>&#8216;<\/p>\n<p>47 \u00e9ve az eg\u00e9szs\u00e9g\u00fcgyben dolgoz\u00f3, 30 \u00e9ve urol\u00f3gusk\u00e9nt praktiz\u00e1l\u00f3 f\u0151orvost ind\u00edt JNSZ megye 1. sz\u00e1m\u00fa v\u00e1laszt\u00f3ker\u00fclet\u00e9ben az LMP. Kelemen Istv\u00e1n a k\u00e9pvisel\u0151i munka mellett a tervek szerint a p\u00e1rt eg\u00e9szs\u00e9g\u00fcgyh\u00f6z kapcsol\u00f3d\u00f3 szakpolitik\u00e1j\u00e1nak er\u0151s\u00edt\u00e9s\u00e9ben is feladatot kapna.<\/p>\n<p>Kelemen Istv\u00e1n orsz\u00e1ggy\u0171l\u00e9si k\u00e9pvisel\u0151jel\u00f6lt \u00fagy fogalmazott: -Van egy fixa ide\u00e1m, amit mindenf\u00e9lek\u00e9ppen szeretn\u00e9k el\u00e9rni, hogy m\u00e9g az \u00e9n \u00e9letemben sz\u0171nj\u00f6n meg a paraszolvencia. Ez egy gyal\u00e1zatos dolog, ami az &#038;#8217<br \/><\/p>\n","protected":false},"excerpt":{"rendered":"<p>&#8216; 47 \u00e9ve az eg\u00e9szs\u00e9g\u00fcgyben dolgoz\u00f3, 30 \u00e9ve urol\u00f3gusk\u00e9nt praktiz\u00e1l\u00f3 f\u0151orvost ind\u00edt JNSZ megye 1. sz\u00e1m\u00fa v\u00e1laszt\u00f3ker\u00fclet\u00e9ben az LMP. Kelemen Istv\u00e1n a k\u00e9pvisel\u0151i munka mellett a tervek szerint a p\u00e1rt eg\u00e9szs\u00e9g\u00fcgyh\u00f6z kapcsol\u00f3d\u00f3 szakpolitik\u00e1j\u00e1nak er\u0151s\u00edt\u00e9s\u00e9ben is feladatot kapna. Kelemen Istv\u00e1n orsz\u00e1ggy\u0171l\u00e9si k\u00e9pvisel\u0151jel\u00f6lt \u00fagy fogalmazott: -Van egy fixa ide\u00e1m, amit mindenf\u00e9lek\u00e9ppen szeretn\u00e9k el\u00e9rni, hogy m\u00e9g az \u00e9n [&hellip;]<\/p>\n","protected":false},"author":2,"featured_media":0,"comment_status":"closed","ping_status":"closed","sticky":false,"template":"","format":"standard","meta":[],"categories":[9],"tags":[],"_links":{"self":[{"href":"http:\/\/archiv.szolnoktv.hu\/index.php?rest_route=\/wp\/v2\/posts\/8170"}],"collection":[{"href":"http:\/\/archiv.szolnoktv.hu\/index.php?rest_route=\/wp\/v2\/posts"}],"about":[{"href":"http:\/\/archiv.szolnoktv.hu\/index.php?rest_route=\/wp\/v2\/types\/post"}],"author":[{"embeddable":true,"href":"http:\/\/archiv.szolnoktv.hu\/index.php?rest_route=\/wp\/v2\/users\/2"}],"replies":[{"embeddable":true,"href":"http:\/\/archiv.szolnoktv.hu\/index.php?rest_route=%2Fwp%2Fv2%2Fcomments&post=8170"}],"version-history":[{"count":1,"href":"http:\/\/archiv.szolnoktv.hu\/index.php?rest_route=\/wp\/v2\/posts\/8170\/revisions"}],"predecessor-version":[{"id":8187,"href":"http:\/\/archiv.szolnoktv.hu\/index.php?rest_route=\/wp\/v2\/posts\/8170\/revisions\/8187"}],"wp:attachment":[{"href":"http:\/\/archiv.szolnoktv.hu\/index.php?rest_route=%2Fwp%2Fv2%2Fmedia&parent=8170"}],"wp:term":[{"taxonomy":"category","embeddable":true,"href":"http:\/\/archiv.szolnoktv.hu\/index.php?rest_route=%2Fwp%2Fv2%2Fcategories&post=8170"},{"taxonomy":"post_tag","embeddable":true,"href":"http:\/\/archiv.szolnoktv.hu\/index.php?rest_route=%2Fwp%2Fv2%2Ftags&post=8170"}],"curies":[{"name":"wp","href":"https:\/\/api.w.org\/{rel}","templated":true}]}}