{"id":8169,"date":"2018-02-08T16:03:40","date_gmt":"2018-02-08T16:03:40","guid":{"rendered":"http:\/\/archiv.szolnoktv.hu\/?p=8169"},"modified":"2021-08-13T18:28:43","modified_gmt":"2021-08-13T18:28:43","slug":"keszul-a-vakok-egyesuletenek-uj-kozpontja","status":"publish","type":"post","link":"http:\/\/archiv.szolnoktv.hu\/?p=8169","title":{"rendered":"K\u00e9sz\u00fcl a Vakok egyes\u00fclet\u00e9nek \u00faj k\u00f6zpontja"},"content":{"rendered":"<div class='booster-block booster-read-block'><\/div><p>F\u00fcrd\u0151szob\u00e1b\u00f3l teakonyha, csal\u00e1di h\u00e1zb\u00f3l sz\u00e9kh\u00e1z.  A Vakok \u00e9s Gyeng\u00e9nl\u00e1t\u00f3k JNSZ Megyei Egyes\u00fclete m\u00e9g novemberben cser\u00e9lte el Dr\u00e1va \u00fati ingatlan\u00e1t erre a Sz\u00e1nt\u00f3 k\u00f6r\u00fati ingatlanra. A mintegy 160 n\u00e9gyzetm\u00e9teres \u00e9p\u00fcletben janu\u00e1r k\u00f6zepe \u00f3ta zajlik a munka, az \u00fcgyfeleket is ide v\u00e1rj\u00e1k.  <\/p>\n<p>-Ez alapvet\u0151en az \u00e1ltal\u00e1nos \u00fcgyf\u00e9lszolg\u00e1latunk, illetve \u00fagymond azok a  koll\u00e9g\u00e1k a, akik az operat\u00edv h\u00e1tt\u00e9rmunk\u00e1t v\u00e9gzik is itt foglalnak helyet. Lentebb lesz az \u00fcgyf\u00e9lszolg\u00e1latunk, a massz\u00e1zs illetve megint ki kell alak\u00edtanunk a st\u00fadi\u00f3helyis\u00e9get \u00e9s a nyomdahelyis\u00e9get. &#8211; mondta  Pesti Zolt\u00e1nn\u00e9, eln\u00f6k.<\/p>\n<p>Az \u00faj, t\u00e1gas ingatlan nagy hi\u00e1nyt p\u00f3tol. Az egyes\u00fcletnek t\u00f6bb mint 300 tagja van, \u00edgy teend\u0151j\u00fck is akad b\u0151ven.  Inform\u00e1ci\u00f3s \u00e9s tan\u00e1csad\u00f3i szolg\u00e1latot m\u0171k\u00f6dtetnek, el\u0151seg\u00edtik a tagok rehabilit\u00e1ci\u00f3j\u00e1t, k\u00f6zrem\u0171k\u00f6dnek vid\u00e9ki tagcsoportok l\u00e9trej\u00f6tt\u00e9ben, kultur\u00e1lis \u00e9s szabadid\u0151s programjaik megszervez\u00e9s\u00e9ben. <\/p>\n<p>-Egy\u00e9ni \u00e9s csoportos \u00fcgyekkel is foglalkozunk, van jogseg\u00e9lyszolg\u00e1latunk is, a klubok \u00fcgyeit is int\u00e9zz\u00fck, hiszen \u00f6t klubbunk van a megy\u00e9ben. Megmaradt a M\u00f3ra Ferenc \u00fati irod\u00e1nk is, amely ha minden j\u00f3l megy m\u00e1rciusban m\u00e1r oktat\u00f3teremk\u00e9nt fog funkcion\u00e1lni.&#8221; <\/p>\n<p>Tov\u00e1bbra is v\u00e1rja a tagokat az egyes\u00fclet Hild \u00fati irod\u00e1ja is, mely rehabilit\u00e1ci\u00f3s k\u00f6zpontk\u00e9nt m\u0171k\u00f6dik ezent\u00fal. Itt gy\u00f3gypedag\u00f3gusok \u00e9s pszichol\u00f3gusok v\u00e1rj\u00e1k az \u00fcgyfeleket.<br \/>\n<br \/>\n<div style=\"width: 640px;\" class=\"wp-video\"><!--[if lt IE 9]><script>document.createElement('video');<\/script><![endif]-->\n<video class=\"wp-video-shortcode\" id=\"video-8169-1\" width=\"640\" height=\"360\" preload=\"metadata\" controls=\"controls\"><source type=\"video\/mp4\" src=\"\/spots\/hir\/hir_180208_02.mp4?_=1\" \/><a href=\"\/spots\/hir\/hir_180208_02.mp4\">\/spots\/hir\/hir_180208_02.mp4<\/a><\/video><\/div><\/p>\n","protected":false},"excerpt":{"rendered":"<p>F\u00fcrd\u0151szob\u00e1b\u00f3l teakonyha, csal\u00e1di h\u00e1zb\u00f3l sz\u00e9kh\u00e1z. A Vakok \u00e9s Gyeng\u00e9nl\u00e1t\u00f3k JNSZ Megyei Egyes\u00fclete m\u00e9g novemberben cser\u00e9lte el Dr\u00e1va \u00fati ingatlan\u00e1t erre a Sz\u00e1nt\u00f3 k\u00f6r\u00fati ingatlanra. A mintegy 160 n\u00e9gyzetm\u00e9teres \u00e9p\u00fcletben janu\u00e1r k\u00f6zepe \u00f3ta zajlik a munka, az \u00fcgyfeleket is ide v\u00e1rj\u00e1k. -Ez alapvet\u0151en az \u00e1ltal\u00e1nos \u00fcgyf\u00e9lszolg\u00e1latunk, illetve \u00fagymond azok a koll\u00e9g\u00e1k a, akik az operat\u00edv h\u00e1tt\u00e9rmunk\u00e1t [&hellip;]<\/p>\n","protected":false},"author":2,"featured_media":0,"comment_status":"closed","ping_status":"closed","sticky":false,"template":"","format":"standard","meta":[],"categories":[9],"tags":[],"_links":{"self":[{"href":"http:\/\/archiv.szolnoktv.hu\/index.php?rest_route=\/wp\/v2\/posts\/8169"}],"collection":[{"href":"http:\/\/archiv.szolnoktv.hu\/index.php?rest_route=\/wp\/v2\/posts"}],"about":[{"href":"http:\/\/archiv.szolnoktv.hu\/index.php?rest_route=\/wp\/v2\/types\/post"}],"author":[{"embeddable":true,"href":"http:\/\/archiv.szolnoktv.hu\/index.php?rest_route=\/wp\/v2\/users\/2"}],"replies":[{"embeddable":true,"href":"http:\/\/archiv.szolnoktv.hu\/index.php?rest_route=%2Fwp%2Fv2%2Fcomments&post=8169"}],"version-history":[{"count":1,"href":"http:\/\/archiv.szolnoktv.hu\/index.php?rest_route=\/wp\/v2\/posts\/8169\/revisions"}],"predecessor-version":[{"id":8188,"href":"http:\/\/archiv.szolnoktv.hu\/index.php?rest_route=\/wp\/v2\/posts\/8169\/revisions\/8188"}],"wp:attachment":[{"href":"http:\/\/archiv.szolnoktv.hu\/index.php?rest_route=%2Fwp%2Fv2%2Fmedia&parent=8169"}],"wp:term":[{"taxonomy":"category","embeddable":true,"href":"http:\/\/archiv.szolnoktv.hu\/index.php?rest_route=%2Fwp%2Fv2%2Fcategories&post=8169"},{"taxonomy":"post_tag","embeddable":true,"href":"http:\/\/archiv.szolnoktv.hu\/index.php?rest_route=%2Fwp%2Fv2%2Ftags&post=8169"}],"curies":[{"name":"wp","href":"https:\/\/api.w.org\/{rel}","templated":true}]}}