{"id":8168,"date":"2018-02-08T16:00:48","date_gmt":"2018-02-08T16:00:48","guid":{"rendered":"http:\/\/archiv.szolnoktv.hu\/?p=8168"},"modified":"2021-08-13T18:28:43","modified_gmt":"2021-08-13T18:28:43","slug":"szines-utcanev-tablak-diszithetik-a-belvarost","status":"publish","type":"post","link":"http:\/\/archiv.szolnoktv.hu\/?p=8168","title":{"rendered":"Sz\u00ednes utcan\u00e9v t\u00e1bl\u00e1k d\u00edsz\u00edthetik a belv\u00e1rost"},"content":{"rendered":"<div class='booster-block booster-read-block'><\/div><p>A S\u00f3h\u00e1z \u00fati t\u00e1bla most&#8230;ez pedig m\u00e1r a terv az \u00faj utcan\u00e9v t\u00e1bl\u00e1r\u00f3l.Ilyen \u00e9s ehhez hasonl\u00f3 intenz\u00edv sz\u00edn\u0171, t\u0171zzom\u00e1ncb\u00f3l k\u00e9sz\u00fclt t\u00e1bl\u00e1k d\u00edsz\u00edtenek majd 15 belv\u00e1rosi utc\u00e1t Szolnokon. A Szolnoki V\u00e1rosfejleszt\u00e9si Nonprofit Zrt. p\u00e1ly\u00e1zatot \u00edrt ki. Mindenki \u00f6tlet\u00e9re, javaslat\u00e1ra sz\u00e1m\u00edtanak. <\/p>\n<p> &#8211; Szerett\u00fck volna egy kicsit sz\u00ednes\u00edteni a szolnoki utcak\u00e9pet, \u00e9s bevonni a szolnokiakat a k\u00f6z\u00f6s \u00f6tletel\u00e9sbe, hogy ezt a projektet k\u00f6z\u00f6sen val\u00f3s\u00edthassuk meg. &#8211; mondta Kmezic Di\u00e1na,<\/p>\n<p> A Kossuth t\u00e9r, a Szap\u00e1ry, Magyar, \u00d3voda, s\u00f3h\u00e1z, T\u00e1ncsics Mih\u00e1ly, Szigligeti, Kellner Gyula \u00e9s Lengyel l\u00e9gi\u00f3 utca, valamint a Tiszai Haj\u00f3sok tere, A Tisza \u00e9s Verseghy park, a Tiszaparti s\u00e9t\u00e1ny, a Tiszavir\u00e1g h\u00edd, \u00e9s a Szegedi Kis Istv\u00e1n k\u00f6z kap majd az \u00faj t\u00e1bl\u00e1kat. <\/p>\n<p>-A p\u00e1ly\u00e1zat febru\u00e1rban indult, \u00e9s m\u00e1rcius 14-ig tart , 16 \u00f3r\u00e1ig lehet bek\u00fcldeni a p\u00e1ly\u00e1zatokat, A\/4-es form\u00e1ban. Nincsen \u00e9letkorhoz k\u00f6tve, b\u00e1rki p\u00e1ly\u00e1zhat.&#8221; <\/p>\n<p>Kmezic Di\u00e1na elmondta, legal\u00e1bb f\u00e9l \u00e9v mire minden utc\u00e1ra felker\u00fcl majd az \u00faj t\u00e1bla. Ezeket ugyanis id\u0151ig\u00e9nyes elk\u00e9sz\u00edteni. P\u00e1ly\u00e1zni viszont \u00e9rdemes, hiszen \u00e9rt\u00e9kes nyerem\u00e9ny v\u00e1r azokra, akik sz\u00edvesen megosztj\u00e1k elk\u00e9pzel\u00e9seiket, esetleg az adott utc\u00e1hoz f\u0171z\u0151d\u0151 legkedvesebb eml\u00e9keiket. A legjobb utcan\u00e9v t\u00e1bla tervez\u0151 \u00e9rt\u00e9kes f\u00e9nyk\u00e9pez\u0151g\u00e9pet kap \u00f6tlet\u00e9\u00e9rt. <\/p>\n<div style=\"width: 640px;\" class=\"wp-video\"><!--[if lt IE 9]><script>document.createElement('video');<\/script><![endif]-->\n<video class=\"wp-video-shortcode\" id=\"video-8168-1\" width=\"640\" height=\"360\" preload=\"metadata\" controls=\"controls\"><source type=\"video\/mp4\" src=\"\/spots\/hir\/hir_180208_03.mp4?_=1\" \/><a href=\"\/spots\/hir\/hir_180208_03.mp4\">\/spots\/hir\/hir_180208_03.mp4<\/a><\/video><\/div>\n","protected":false},"excerpt":{"rendered":"<p>A S\u00f3h\u00e1z \u00fati t\u00e1bla most&#8230;ez pedig m\u00e1r a terv az \u00faj utcan\u00e9v t\u00e1bl\u00e1r\u00f3l.Ilyen \u00e9s ehhez hasonl\u00f3 intenz\u00edv sz\u00edn\u0171, t\u0171zzom\u00e1ncb\u00f3l k\u00e9sz\u00fclt t\u00e1bl\u00e1k d\u00edsz\u00edtenek majd 15 belv\u00e1rosi utc\u00e1t Szolnokon. A Szolnoki V\u00e1rosfejleszt\u00e9si Nonprofit Zrt. p\u00e1ly\u00e1zatot \u00edrt ki. Mindenki \u00f6tlet\u00e9re, javaslat\u00e1ra sz\u00e1m\u00edtanak. &#8211; Szerett\u00fck volna egy kicsit sz\u00ednes\u00edteni a szolnoki utcak\u00e9pet, \u00e9s bevonni a szolnokiakat a k\u00f6z\u00f6s \u00f6tletel\u00e9sbe, [&hellip;]<\/p>\n","protected":false},"author":2,"featured_media":0,"comment_status":"closed","ping_status":"closed","sticky":false,"template":"","format":"standard","meta":[],"categories":[9],"tags":[],"_links":{"self":[{"href":"http:\/\/archiv.szolnoktv.hu\/index.php?rest_route=\/wp\/v2\/posts\/8168"}],"collection":[{"href":"http:\/\/archiv.szolnoktv.hu\/index.php?rest_route=\/wp\/v2\/posts"}],"about":[{"href":"http:\/\/archiv.szolnoktv.hu\/index.php?rest_route=\/wp\/v2\/types\/post"}],"author":[{"embeddable":true,"href":"http:\/\/archiv.szolnoktv.hu\/index.php?rest_route=\/wp\/v2\/users\/2"}],"replies":[{"embeddable":true,"href":"http:\/\/archiv.szolnoktv.hu\/index.php?rest_route=%2Fwp%2Fv2%2Fcomments&post=8168"}],"version-history":[{"count":1,"href":"http:\/\/archiv.szolnoktv.hu\/index.php?rest_route=\/wp\/v2\/posts\/8168\/revisions"}],"predecessor-version":[{"id":8189,"href":"http:\/\/archiv.szolnoktv.hu\/index.php?rest_route=\/wp\/v2\/posts\/8168\/revisions\/8189"}],"wp:attachment":[{"href":"http:\/\/archiv.szolnoktv.hu\/index.php?rest_route=%2Fwp%2Fv2%2Fmedia&parent=8168"}],"wp:term":[{"taxonomy":"category","embeddable":true,"href":"http:\/\/archiv.szolnoktv.hu\/index.php?rest_route=%2Fwp%2Fv2%2Fcategories&post=8168"},{"taxonomy":"post_tag","embeddable":true,"href":"http:\/\/archiv.szolnoktv.hu\/index.php?rest_route=%2Fwp%2Fv2%2Ftags&post=8168"}],"curies":[{"name":"wp","href":"https:\/\/api.w.org\/{rel}","templated":true}]}}